{"id":3054,"date":"2019-02-25T11:35:15","date_gmt":"2019-02-25T11:35:15","guid":{"rendered":"http:\/\/www.belgioioso.it\/vintage\/?p=3054"},"modified":"2025-09-25T13:30:29","modified_gmt":"2025-09-25T13:30:29","slug":"fiera-vintage-milano","status":"publish","type":"post","link":"https:\/\/www.belgioioso.it\/vintage\/fiera-vintage-milano\/","title":{"rendered":"La Fiera Vintage pi\u00f9 attesa di tutta Italia"},"content":{"rendered":"<p><div class=\"fusion-fullwidth fullwidth-box fusion-builder-row-1 nonhundred-percent-fullwidth non-hundred-percent-height-scrolling\" style=\"--awb-border-radius-top-left:0px;--awb-border-radius-top-right:0px;--awb-border-radius-bottom-right:0px;--awb-border-radius-bottom-left:0px;--awb-flex-wrap:wrap;\" ><div class=\"fusion-builder-row fusion-row\"><div class=\"fusion-layout-column fusion_builder_column fusion-builder-column-0 fusion_builder_column_1_1 1_1 fusion-one-full fusion-column-first fusion-column-last\" style=\"--awb-bg-blend:overlay;--awb-bg-size:cover;--awb-margin-bottom:0px;\"><div class=\"fusion-column-wrapper fusion-flex-column-wrapper-legacy\"><div class=\"fusion-text fusion-text-1\"><p>La <strong>Fiera Vintage<\/strong> pi\u00f9 attesa in tutta Italia, Next Vintage si tiene tutti gli anni, in <em>primavera<\/em> e in <em>autunno<\/em> al Castello di Belgioioso in provincia di Pavia. Le bellissime sale del Castello si vestono a festa con l&#8217;aiuto di pi\u00f9 di 60 espositori di capi vintage e remake che vengono apposta da tutto lo stivale.<\/p>\n<p><a href=\"https:\/\/www.vogue.it\/moda\/news\/2018\/10\/03\/next-vintage-belgioioso-ottobre-2018\">Riconosciuta<\/a> e <a href=\"https:\/\/style.corriere.it\/top-class\/il-vintage-e-di-casa-pavia\/\">accreditata<\/a> dai pi\u00f9 autorevoli magazine del settore, Next Vintage attira svariate di migliaia di visitatori che approfittano di questa occasione per fare un viaggio nella memoria attraverso i capi e gli accessori esposti.<\/p>\n<p>Vintage addicts, fashionisti, giovani alla moda e semplici curiosi trovano sempre un ottimo pretesto per fare il miglior vintage shopping di tutta la penisola.<\/p>\n<\/div><div class=\"fusion-image-element fusion-image-align-center in-legacy-container\" style=\"text-align:center;--awb-caption-title-font-family:var(--h2_typography-font-family);--awb-caption-title-font-weight:var(--h2_typography-font-weight);--awb-caption-title-font-style:var(--h2_typography-font-style);--awb-caption-title-size:var(--h2_typography-font-size);--awb-caption-title-transform:var(--h2_typography-text-transform);--awb-caption-title-line-height:var(--h2_typography-line-height);--awb-caption-title-letter-spacing:var(--h2_typography-letter-spacing);\"><div class=\"imageframe-align-center\"><span class=\" fusion-imageframe imageframe-none imageframe-1 hover-type-zoomin\"><img decoding=\"async\" width=\"684\" height=\"455\" alt=\"fiera vintage belgioioso\" title=\"fiera vintage belgioioso\" src=\"https:\/\/www.belgioioso.it\/vintage\/files\/2014\/11\/NextVintage_Ottobre2014_55.jpg\" class=\"img-responsive wp-image-2664\" srcset=\"https:\/\/www.belgioioso.it\/vintage\/files\/2014\/11\/NextVintage_Ottobre2014_55-300x199.jpg 300w, https:\/\/www.belgioioso.it\/vintage\/files\/2014\/11\/NextVintage_Ottobre2014_55.jpg 684w\" sizes=\"(max-width: 684px) 100vw, 684px\" \/><\/span><\/div><\/div><div class=\"fusion-sep-clear\"><\/div><div class=\"fusion-separator fusion-full-width-sep\" style=\"margin-left: auto;margin-right: auto;margin-top:10px;margin-bottom:10px;width:100%;\"><\/div><div class=\"fusion-sep-clear\"><\/div><div class=\"fusion-clearfix\"><\/div><\/div><\/div><\/div><\/div><div class=\"fusion-fullwidth fullwidth-box fusion-builder-row-2 nonhundred-percent-fullwidth non-hundred-percent-height-scrolling\" style=\"--awb-border-radius-top-left:0px;--awb-border-radius-top-right:0px;--awb-border-radius-bottom-right:0px;--awb-border-radius-bottom-left:0px;--awb-flex-wrap:wrap;\" ><div class=\"fusion-builder-row fusion-row\"><div class=\"fusion-layout-column fusion_builder_column fusion-builder-column-1 fusion_builder_column_1_1 1_1 fusion-one-full fusion-column-first fusion-column-last\" style=\"--awb-bg-blend:overlay;--awb-bg-size:cover;\"><div class=\"fusion-column-wrapper fusion-flex-column-wrapper-legacy\"><div class=\"fusion-title title fusion-title-1 fusion-sep-none fusion-title-text fusion-title-size-two\" style=\"--awb-sep-color:#ffffff;\"><h2 class=\"fusion-title-heading title-heading-left\" style=\"margin:0;\">Next Vintage apre sempre con una mostra collaterale<\/h2><\/div><div class=\"fusion-text fusion-text-2\"><p>Ogni edizione di Next Vintage apre con una mostra collaterale di approfondimento sul mondo della moda e sulle influenze che quest&#8217;ultima ha ricevuto e donato al mondo dell&#8217;arte e del design per esempio:<\/p>\n<ul>\n<li>Quadri di <a href=\"https:\/\/www.belgioioso.it\/vintage\/archivio-mostre-collaterali\/american-dream\/\">Andy Wharol<\/a><\/li>\n<li><a href=\"https:\/\/www.belgioioso.it\/vintage\/archivio-mostre-collaterali\/armani-bozzetti\/\">Bozzetti di Giorgio Armani<\/a><\/li>\n<li><a href=\"https:\/\/www.belgioioso.it\/vintage\/archivio-mostre-collaterali\/gianfranco-ferre-architetto-moda\/\">la collezione di Gianfranco Ferr\u00e8<\/a><\/li>\n<li><a href=\"https:\/\/www.belgioioso.it\/vintage\/archivio-mostre-collaterali\/cinzano-viaggio-alla-scoperta-unicona-italiana\/\">Cinzano, Viaggio alla scoperta di un&#8217;icona italiana<\/a><\/li>\n<\/ul>\n<p>Sono solo alcune delle esposizioni che hanno aperto la fiera vintage pi\u00f9 attesa d&#8217;Italia.<\/p>\n<\/div><div class=\"fusion-image-element fusion-image-align-center in-legacy-container\" style=\"text-align:center;--awb-caption-title-font-family:var(--h2_typography-font-family);--awb-caption-title-font-weight:var(--h2_typography-font-weight);--awb-caption-title-font-style:var(--h2_typography-font-style);--awb-caption-title-size:var(--h2_typography-font-size);--awb-caption-title-transform:var(--h2_typography-text-transform);--awb-caption-title-line-height:var(--h2_typography-line-height);--awb-caption-title-letter-spacing:var(--h2_typography-letter-spacing);\"><div class=\"imageframe-align-center\"><span class=\" fusion-imageframe imageframe-none imageframe-2 hover-type-zoomin\"><img decoding=\"async\" width=\"684\" height=\"455\" title=\"NextVintage_Aprile2014_13\" src=\"https:\/\/www.belgioioso.it\/vintage\/files\/2014\/11\/NextVintage_Aprile2014_13.jpg\" alt class=\"img-responsive wp-image-2544\" srcset=\"https:\/\/www.belgioioso.it\/vintage\/files\/2014\/11\/NextVintage_Aprile2014_13-300x199.jpg 300w, https:\/\/www.belgioioso.it\/vintage\/files\/2014\/11\/NextVintage_Aprile2014_13.jpg 684w\" sizes=\"(max-width: 684px) 100vw, 684px\" \/><\/span><\/div><\/div><div class=\"fusion-sep-clear\"><\/div><div class=\"fusion-separator fusion-full-width-sep\" style=\"margin-left: auto;margin-right: auto;margin-top:10px;margin-bottom:10px;width:100%;\"><\/div><div class=\"fusion-sep-clear\"><\/div><div class=\"fusion-clearfix\"><\/div><\/div><\/div><\/div><\/div><div class=\"fusion-fullwidth fullwidth-box fusion-builder-row-3 nonhundred-percent-fullwidth non-hundred-percent-height-scrolling\" style=\"--awb-border-radius-top-left:0px;--awb-border-radius-top-right:0px;--awb-border-radius-bottom-right:0px;--awb-border-radius-bottom-left:0px;--awb-flex-wrap:wrap;\" ><div class=\"fusion-builder-row fusion-row\"><div class=\"fusion-layout-column fusion_builder_column fusion-builder-column-2 fusion_builder_column_1_1 1_1 fusion-one-full fusion-column-first fusion-column-last\" style=\"--awb-bg-blend:overlay;--awb-bg-size:cover;\"><div class=\"fusion-column-wrapper fusion-flex-column-wrapper-legacy\"><div class=\"fusion-title title fusion-title-2 fusion-sep-none fusion-title-text fusion-title-size-two\" style=\"--awb-sep-color:#ffffff;\"><h2 class=\"fusion-title-heading title-heading-left\" style=\"margin:0;\">Area Handmade &amp; Remake<\/h2><\/div><div class=\"fusion-text fusion-text-3\"><p>Con il passare degli anni la mostra ha ampliato una sua area agli artigiani di <strong>handmake &amp; remake.<\/strong>\u00a0Coinvolgendo cos\u00ec piccoli artigiani creativi che producono vestiti partendo da basi vintage di scarto e da tele naturali.<\/p>\n<p>Gli espositori che trovate in area remake sono un p\u00f2 sarti, un p\u00f2 stilisti e un p\u00f2 designer. Molto spesso si occupano anche del loro marketing con hashtag e profili instagram super divertenti. Trovano nella filosofia del riuso e del ricircolo una valvola di sfogo per la loro grande vena creativa che sfruttano per proporre pezzi unici e incredibili.<\/p>\n<\/div><div class=\"fusion-image-element fusion-image-align-center in-legacy-container\" style=\"text-align:center;--awb-caption-title-font-family:var(--h2_typography-font-family);--awb-caption-title-font-weight:var(--h2_typography-font-weight);--awb-caption-title-font-style:var(--h2_typography-font-style);--awb-caption-title-size:var(--h2_typography-font-size);--awb-caption-title-transform:var(--h2_typography-text-transform);--awb-caption-title-line-height:var(--h2_typography-line-height);--awb-caption-title-letter-spacing:var(--h2_typography-letter-spacing);\"><div class=\"imageframe-align-center\"><span class=\" fusion-imageframe imageframe-none imageframe-3 hover-type-zoomin\"><img decoding=\"async\" width=\"684\" height=\"455\" alt=\"area remake handmade\" title=\"area remake handmade\" src=\"https:\/\/www.belgioioso.it\/vintage\/files\/2014\/11\/NextVintage_Aprile2014_14.jpg\" class=\"img-responsive wp-image-2545\" srcset=\"https:\/\/www.belgioioso.it\/vintage\/files\/2014\/11\/NextVintage_Aprile2014_14-300x199.jpg 300w, https:\/\/www.belgioioso.it\/vintage\/files\/2014\/11\/NextVintage_Aprile2014_14.jpg 684w\" sizes=\"(max-width: 684px) 100vw, 684px\" \/><\/span><\/div><\/div><div class=\"fusion-sep-clear\"><\/div><div class=\"fusion-separator fusion-full-width-sep\" style=\"margin-left: auto;margin-right: auto;margin-top:10px;margin-bottom:10px;width:100%;\"><\/div><div class=\"fusion-sep-clear\"><\/div><div class=\"fusion-clearfix\"><\/div><\/div><\/div><\/div><\/div><div class=\"fusion-fullwidth fullwidth-box fusion-builder-row-4 nonhundred-percent-fullwidth non-hundred-percent-height-scrolling\" style=\"--awb-border-radius-top-left:0px;--awb-border-radius-top-right:0px;--awb-border-radius-bottom-right:0px;--awb-border-radius-bottom-left:0px;--awb-flex-wrap:wrap;\" ><div class=\"fusion-builder-row fusion-row\"><div class=\"fusion-layout-column fusion_builder_column fusion-builder-column-3 fusion_builder_column_1_1 1_1 fusion-one-full fusion-column-first fusion-column-last\" style=\"--awb-bg-blend:overlay;--awb-bg-size:cover;\"><div class=\"fusion-column-wrapper fusion-flex-column-wrapper-legacy\"><div class=\"fusion-title title fusion-title-3 fusion-sep-none fusion-title-text fusion-title-size-two\" style=\"--awb-sep-color:#ffffff;\"><h2 class=\"fusion-title-heading title-heading-left\" style=\"margin:0;\">Area Furniture &amp; Design<\/h2><\/div><div class=\"fusion-text fusion-text-4\"><p>Stai cambiando casa e vuoi inserire qualche pezzo che sia fuori da soliti canoni estetici contemporanei?<\/p>\n<p>Next Vintage non \u00e8 solo moda, nell&#8217;area <strong>furniture &amp; design<\/strong> ti aspetta anche parecchia ispirazione in ambito di arredamento e mobilio. Infatti troverete 4 o 5 espositori selezionati che allestiranno i loro spazi con pezzi storici di design ed estro vintage.<\/p>\n<\/div><div class=\"fusion-image-element fusion-image-align-center in-legacy-container\" style=\"text-align:center;--awb-caption-title-font-family:var(--h2_typography-font-family);--awb-caption-title-font-weight:var(--h2_typography-font-weight);--awb-caption-title-font-style:var(--h2_typography-font-style);--awb-caption-title-size:var(--h2_typography-font-size);--awb-caption-title-transform:var(--h2_typography-text-transform);--awb-caption-title-line-height:var(--h2_typography-line-height);--awb-caption-title-letter-spacing:var(--h2_typography-letter-spacing);\"><div class=\"imageframe-align-center\"><span class=\" fusion-imageframe imageframe-none imageframe-4 hover-type-zoomin\"><img decoding=\"async\" width=\"700\" height=\"467\" alt=\"area furniture design\" title=\"furniture-design-area\" src=\"https:\/\/www.belgioioso.it\/vintage\/files\/2014\/05\/furniture-design-area.jpg\" class=\"img-responsive wp-image-3624\" srcset=\"https:\/\/www.belgioioso.it\/vintage\/files\/2014\/05\/furniture-design-area-200x133.jpg 200w, https:\/\/www.belgioioso.it\/vintage\/files\/2014\/05\/furniture-design-area-400x267.jpg 400w, https:\/\/www.belgioioso.it\/vintage\/files\/2014\/05\/furniture-design-area-600x400.jpg 600w, https:\/\/www.belgioioso.it\/vintage\/files\/2014\/05\/furniture-design-area.jpg 700w\" sizes=\"(max-width: 800px) 100vw, 700px\" \/><\/span><\/div><\/div><div class=\"fusion-sep-clear\"><\/div><div class=\"fusion-separator fusion-full-width-sep\" style=\"margin-left: auto;margin-right: auto;margin-top:10px;margin-bottom:10px;width:100%;\"><\/div><div class=\"fusion-sep-clear\"><\/div><div class=\"fusion-clearfix\"><\/div><\/div><\/div><\/div><\/div><div class=\"fusion-fullwidth fullwidth-box fusion-builder-row-5 nonhundred-percent-fullwidth non-hundred-percent-height-scrolling\" style=\"--awb-border-radius-top-left:0px;--awb-border-radius-top-right:0px;--awb-border-radius-bottom-right:0px;--awb-border-radius-bottom-left:0px;--awb-flex-wrap:wrap;\" ><div class=\"fusion-builder-row fusion-row\"><div class=\"fusion-layout-column fusion_builder_column fusion-builder-column-4 fusion_builder_column_1_1 1_1 fusion-one-full fusion-column-first fusion-column-last\" style=\"--awb-bg-blend:overlay;--awb-bg-size:cover;\"><div class=\"fusion-column-wrapper fusion-flex-column-wrapper-legacy\"><div class=\"fusion-title title fusion-title-4 fusion-sep-none fusion-title-text fusion-title-size-two\" style=\"--awb-sep-color:#ffffff;\"><h2 class=\"fusion-title-heading title-heading-left\" style=\"margin:0;\">Area Street Food<\/h2><\/div><div class=\"fusion-text fusion-text-5\"><h3>Street food &amp; fiera vintage, ormai un binomio indissolubile.<\/h3>\n<p>Sapete che fare shopping fa venire molta fame? La corrente del cibo da strada fa tendenza da qualche anno ormai. 5 piccoli ape car che propongono cibo local e gourmet vi aspettano nel cortile interno del Castello, per riassumente\u00a0 le proposte sono sempre molto appetitose :<\/p>\n<ul>\n<li>Tigellone ripiene servite da una ape car arancione<\/li>\n<li>Sciatt, pizzoccheri che scendono dalla valtellina a bordo di un&#8217;ape car rossa<\/li>\n<li>Passatelli fatti in casa e sapori di romagna<\/li>\n<li>Birre artigianali da tutto il mondo servite da uno scuolabus<\/li>\n<li>Cocktail, drink e vini del territorio con il barbus<\/li>\n<\/ul>\n<\/div><div class=\"fusion-image-element fusion-image-align-center in-legacy-container\" style=\"text-align:center;--awb-caption-title-font-family:var(--h2_typography-font-family);--awb-caption-title-font-weight:var(--h2_typography-font-weight);--awb-caption-title-font-style:var(--h2_typography-font-style);--awb-caption-title-size:var(--h2_typography-font-size);--awb-caption-title-transform:var(--h2_typography-text-transform);--awb-caption-title-line-height:var(--h2_typography-line-height);--awb-caption-title-letter-spacing:var(--h2_typography-letter-spacing);\"><div class=\"imageframe-align-center\"><span class=\" fusion-imageframe imageframe-none imageframe-5 hover-type-zoomin\"><img decoding=\"async\" width=\"700\" height=\"394\" alt=\"fiera vintage street food area\" title=\"castello-di-belgioioso-nextvintage-StreetFoodArea\" src=\"https:\/\/www.belgioioso.it\/vintage\/files\/2017\/04\/castello-di-belgioioso-nextvintage-StreetFoodArea.jpg\" class=\"img-responsive wp-image-3619\" srcset=\"https:\/\/www.belgioioso.it\/vintage\/files\/2017\/04\/castello-di-belgioioso-nextvintage-StreetFoodArea-200x113.jpg 200w, https:\/\/www.belgioioso.it\/vintage\/files\/2017\/04\/castello-di-belgioioso-nextvintage-StreetFoodArea-400x225.jpg 400w, https:\/\/www.belgioioso.it\/vintage\/files\/2017\/04\/castello-di-belgioioso-nextvintage-StreetFoodArea-600x338.jpg 600w, https:\/\/www.belgioioso.it\/vintage\/files\/2017\/04\/castello-di-belgioioso-nextvintage-StreetFoodArea.jpg 700w\" sizes=\"(max-width: 800px) 100vw, 700px\" \/><\/span><\/div><\/div><div class=\"fusion-sep-clear\"><\/div><div class=\"fusion-separator fusion-full-width-sep\" style=\"margin-left: auto;margin-right: auto;margin-top:10px;margin-bottom:10px;width:100%;\"><\/div><div class=\"fusion-sep-clear\"><\/div><div class=\"fusion-clearfix\"><\/div><\/div><\/div><\/div><\/div><div class=\"fusion-fullwidth fullwidth-box fusion-builder-row-6 nonhundred-percent-fullwidth non-hundred-percent-height-scrolling\" style=\"--awb-border-radius-top-left:0px;--awb-border-radius-top-right:0px;--awb-border-radius-bottom-right:0px;--awb-border-radius-bottom-left:0px;--awb-flex-wrap:wrap;\" ><div class=\"fusion-builder-row fusion-row\"><div class=\"fusion-layout-column fusion_builder_column fusion-builder-column-5 fusion_builder_column_1_1 1_1 fusion-one-full fusion-column-first fusion-column-last\" style=\"--awb-bg-blend:overlay;--awb-bg-size:cover;\"><div class=\"fusion-column-wrapper fusion-flex-column-wrapper-legacy\"><div class=\"fusion-title title fusion-title-5 fusion-sep-none fusion-title-text fusion-title-size-two\" style=\"--awb-sep-color:#ffffff;\"><h2 class=\"fusion-title-heading title-heading-left\" style=\"margin:0;\">Foto e video della scorsa edizione<\/h2><\/div><div class=\"fusion-text fusion-text-6\"><p>L&#8217;ultima edizione di Next Vintage \u00e8 ad Ottobre 2023, siete riusciti a venire?In alternativa vi lasciamo un recap con video e foto di come \u00e8 andata.<\/p>\n<\/div><div class=\"fusion-sep-clear\"><\/div><div class=\"fusion-separator fusion-full-width-sep\" style=\"margin-left: auto;margin-right: auto;margin-top:10px;width:100%;\"><\/div><div class=\"fusion-sep-clear\"><\/div><div class=\"fusion-video fusion-youtube fusion-aligncenter\" style=\"--awb-max-width:767px;--awb-max-height:431px;--awb-width:100%;\"><div class=\"video-shortcode\"><div class=\"fluid-width-video-wrapper\" style=\"padding-top:56.19%;\" ><iframe title=\"YouTube video player 1\" src=\"https:\/\/www.youtube.com\/embed\/N0a1Pv2dJJQ?wmode=transparent&autoplay=0&oida=1\" width=\"767\" height=\"431\" allowfullscreen allow=\"autoplay; clipboard-write; encrypted-media; gyroscope; picture-in-picture;\"><\/iframe><\/div><\/div><\/div><div class=\"fusion-sep-clear\"><\/div><div class=\"fusion-separator fusion-full-width-sep\" style=\"margin-left: auto;margin-right: auto;margin-top:10px;margin-bottom:10px;width:100%;\"><\/div><div class=\"fusion-sep-clear\"><\/div><div class=\"fusion-text fusion-text-7\"><p>[justified_image_grid flickr_user=59351256@N02 flickr_photoset=72157678851351268 row_height=100 caption=off mobile_caption=off orderby=title_asc last_row=hide orderby=rand retina_ready=yes specialfx=off mobile_specialfx=off max_rows=3]<\/p>\n<\/div><div class=\"fusion-clearfix\"><\/div><\/div><\/div><\/div><\/div><div class=\"fusion-fullwidth fullwidth-box fusion-builder-row-7 nonhundred-percent-fullwidth non-hundred-percent-height-scrolling\" style=\"--awb-border-radius-top-left:0px;--awb-border-radius-top-right:0px;--awb-border-radius-bottom-right:0px;--awb-border-radius-bottom-left:0px;--awb-flex-wrap:wrap;\" ><div class=\"fusion-builder-row fusion-row\"><div class=\"fusion-layout-column fusion_builder_column fusion-builder-column-6 fusion_builder_column_1_1 1_1 fusion-one-full fusion-column-first fusion-column-last\" style=\"--awb-bg-blend:overlay;--awb-bg-size:cover;\"><div class=\"fusion-column-wrapper fusion-flex-column-wrapper-legacy\"><div class=\"fusion-title title fusion-title-6 fusion-sep-none fusion-title-text fusion-title-size-two\" style=\"--awb-sep-color:#ffffff;\"><h2 class=\"fusion-title-heading title-heading-left\" style=\"margin:0;\">Quando \u00e8 in programma la prossima edizione?<\/h2><\/div><div class=\"fusion-text fusion-text-8\" style=\"--awb-text-transform:none;\"><h3 class=\"fusion-responsive-typography-calculated\" style=\"--fontsize: 20; line-height: 1.2; --minfontsize: 20;\" data-fontsize=\"20\" data-lineheight=\"24px\">Ricapitoliamo tutte le informazioni che vi abbiamo fornito<\/h3>\n<p>La prossima edizione di <strong>Next Vintage<\/strong>, si terr\u00e0 sempre al <strong>Castello di Belgioioso<\/strong> in provincia di Pavia e le date sono dal <strong>24 al 27 Ottobre 2025.<\/strong><\/p>\n<p>Hai paura di dimenticartene e di conseguenza perderti la fiera vintage pi\u00f9 attesa d&#8217;Italia?<\/p>\n<p>Non c&#8217;\u00e8 problema, abbiamo diversi canali di comunicazione, i nostri profili social<\/p>\n<ul>\n<li><a href=\"https:\/\/www.facebook.com\/CastellodiBelgioioso\/\">Pagina Facebook<\/a><\/li>\n<li><a href=\"https:\/\/www.instagram.com\/nextvintage__\/\">Profilo Instagram<\/a><\/li>\n<\/ul>\n<\/div><div class=\"fusion-sep-clear\"><\/div><div class=\"fusion-separator fusion-full-width-sep\" style=\"margin-left: auto;margin-right: auto;margin-top:10px;width:100%;\"><\/div><div class=\"fusion-sep-clear\"><\/div><div class=\"fusion-sep-clear\"><\/div><div class=\"fusion-separator fusion-full-width-sep\" style=\"margin-left: auto;margin-right: auto;margin-top:10px;margin-bottom:10px;width:100%;\"><\/div><div class=\"fusion-sep-clear\"><\/div><div class=\"fusion-reading-box-container reading-box-container-1\" style=\"--awb-title-color:#333333;--awb-margin-top:0px;--awb-margin-bottom:30px;\"><div class=\"reading-box\" style=\"background-color:#f6f6f6;border-width:1px;border-color:#f6f6f6;border-left-width:3px;border-left-color:var(--primary_color);border-style:solid;\"><a class=\"button fusion-button button-default fusion-button-default-size button-default-size button-flat fusion-desktop-button fusion-tagline-button continue fusion-desktop-button-margin continue-right\" style=\"-webkit-box-shadow:none;-moz-box-shadow:none;box-shadow:none;border-radius:2px 2px 2px 2px\" href=\"https:\/\/dashboard.mailerlite.com\/forms\/44164\/109895280649832390\/share\" target=\"_self\"><span>Iscriviti alla nostra newsletter <\/span><\/a><h2>Newsletter<\/h2><div class=\"reading-box-description fusion-reading-box-additional\">La nostra newsletter \u00e8 il modo migliore per rimanere connessi al Castello e alle iniziative che organizziamo!<\/div><div class=\"reading-box-additional\">\n<p>Promettiamo riservatezza e offerte speciali<\/p>\n<\/div><div class=\"fusion-clearfix\"><\/div><a class=\"button fusion-button button-default fusion-button-default-size button-default-size button-flat fusion-mobile-button continue-right\" style=\"-webkit-box-shadow:none;-moz-box-shadow:none;box-shadow:none;border-radius:2px 2px 2px 2px\" href=\"https:\/\/dashboard.mailerlite.com\/forms\/44164\/109895280649832390\/share\" target=\"_self\"><span>Iscriviti alla nostra newsletter <\/span><\/a><\/div><\/div><div class=\"fusion-video fusion-youtube fusion-aligncenter\" style=\"--awb-max-width:767px;--awb-max-height:431px;--awb-width:100%;\"><div class=\"video-shortcode\"><div class=\"fluid-width-video-wrapper\" style=\"padding-top:56.19%;\" ><iframe title=\"YouTube video player 2\" src=\"https:\/\/www.youtube.com\/embed\/DfVkmw9GIeU?wmode=transparent&autoplay=0&oida=1\" width=\"767\" height=\"431\" allowfullscreen allow=\"autoplay; clipboard-write; encrypted-media; gyroscope; picture-in-picture;\"><\/iframe><\/div><\/div><\/div><div class=\"fusion-clearfix\"><\/div><\/div><\/div><\/div><\/div><\/p>\n","protected":false},"excerpt":{"rendered":"","protected":false},"author":1,"featured_media":3267,"comment_status":"open","ping_status":"open","sticky":false,"template":"","format":"standard","meta":{"footnotes":""},"categories":[35,36,37],"tags":[61],"class_list":["post-3054","post","type-post","status-publish","format-standard","has-post-thumbnail","hentry","category-fiera-vintage","category-fiera-vintage-milano","category-nextvintage","tag-alt"],"yoast_head":"<!-- This site is optimized with the Yoast SEO plugin v26.8 - https:\/\/yoast.com\/product\/yoast-seo-wordpress\/ -->\n<title>La Fiera Vintage pi\u00f9 attesa di tutta Italia &#8226; Next Vintage<\/title>\n<meta name=\"description\" content=\"La Fiera Vintage pi\u00f9 attesa del Nord Italia \u00e8 decisamente Next Vintage, che si svolge da pi\u00f9 di 20 anni al Castello di Belgioioso, in provincia di Pavia.\" \/>\n<meta name=\"robots\" content=\"index, follow, max-snippet:-1, max-image-preview:large, max-video-preview:-1\" \/>\n<link rel=\"canonical\" href=\"https:\/\/www.belgioioso.it\/vintage\/fiera-vintage-milano\/\" \/>\n<meta property=\"og:locale\" content=\"it_IT\" \/>\n<meta property=\"og:type\" content=\"article\" \/>\n<meta property=\"og:title\" content=\"La Fiera Vintage pi\u00f9 attesa di tutta Italia &#8226; Next Vintage\" \/>\n<meta property=\"og:description\" content=\"La Fiera Vintage pi\u00f9 attesa del Nord Italia \u00e8 decisamente Next Vintage, che si svolge da pi\u00f9 di 20 anni al Castello di Belgioioso, in provincia di Pavia.\" \/>\n<meta property=\"og:url\" content=\"https:\/\/www.belgioioso.it\/vintage\/fiera-vintage-milano\/\" \/>\n<meta property=\"og:site_name\" content=\"Next Vintage\" \/>\n<meta property=\"article:publisher\" content=\"https:\/\/www.facebook.com\/CastellodiBelgioioso\/\" \/>\n<meta property=\"article:published_time\" content=\"2019-02-25T11:35:15+00:00\" \/>\n<meta property=\"article:modified_time\" content=\"2025-09-25T13:30:29+00:00\" \/>\n<meta property=\"og:image\" content=\"https:\/\/www.belgioioso.it\/vintage\/files\/2013\/09\/nextvintage-ottobre-2016.jpg\" \/>\n\t<meta property=\"og:image:width\" content=\"810\" \/>\n\t<meta property=\"og:image:height\" content=\"540\" \/>\n\t<meta property=\"og:image:type\" content=\"image\/jpeg\" \/>\n<meta name=\"author\" content=\"Marcello\" \/>\n<meta name=\"twitter:card\" content=\"summary_large_image\" \/>\n<meta name=\"twitter:creator\" content=\"@Belgioioso\" \/>\n<meta name=\"twitter:label1\" content=\"Scritto da\" \/>\n\t<meta name=\"twitter:data1\" content=\"Marcello\" \/>\n\t<meta name=\"twitter:label2\" content=\"Tempo di lettura stimato\" \/>\n\t<meta name=\"twitter:data2\" content=\"5 minuti\" \/>\n<script type=\"application\/ld+json\" class=\"yoast-schema-graph\">{\"@context\":\"https:\/\/schema.org\",\"@graph\":[{\"@type\":\"Article\",\"@id\":\"https:\/\/www.belgioioso.it\/vintage\/fiera-vintage-milano\/#article\",\"isPartOf\":{\"@id\":\"https:\/\/www.belgioioso.it\/vintage\/fiera-vintage-milano\/\"},\"author\":{\"name\":\"Marcello\",\"@id\":\"https:\/\/www.belgioioso.it\/vintage\/#\/schema\/person\/935e01c3016c7eecaf4b8121449138b3\"},\"headline\":\"La Fiera Vintage pi\u00f9 attesa di tutta Italia\",\"datePublished\":\"2019-02-25T11:35:15+00:00\",\"dateModified\":\"2025-09-25T13:30:29+00:00\",\"mainEntityOfPage\":{\"@id\":\"https:\/\/www.belgioioso.it\/vintage\/fiera-vintage-milano\/\"},\"wordCount\":2610,\"commentCount\":0,\"image\":{\"@id\":\"https:\/\/www.belgioioso.it\/vintage\/fiera-vintage-milano\/#primaryimage\"},\"thumbnailUrl\":\"https:\/\/www.belgioioso.it\/vintage\/files\/2013\/09\/nextvintage-ottobre-2016.jpg\",\"keywords\":[\"alt\"],\"articleSection\":[\"fiera vintage\",\"fiera vintage milano\",\"nextvintage\"],\"inLanguage\":\"it-IT\",\"potentialAction\":[{\"@type\":\"CommentAction\",\"name\":\"Comment\",\"target\":[\"https:\/\/www.belgioioso.it\/vintage\/fiera-vintage-milano\/#respond\"]}]},{\"@type\":\"WebPage\",\"@id\":\"https:\/\/www.belgioioso.it\/vintage\/fiera-vintage-milano\/\",\"url\":\"https:\/\/www.belgioioso.it\/vintage\/fiera-vintage-milano\/\",\"name\":\"La Fiera Vintage pi\u00f9 attesa di tutta Italia &#8226; Next Vintage\",\"isPartOf\":{\"@id\":\"https:\/\/www.belgioioso.it\/vintage\/#website\"},\"primaryImageOfPage\":{\"@id\":\"https:\/\/www.belgioioso.it\/vintage\/fiera-vintage-milano\/#primaryimage\"},\"image\":{\"@id\":\"https:\/\/www.belgioioso.it\/vintage\/fiera-vintage-milano\/#primaryimage\"},\"thumbnailUrl\":\"https:\/\/www.belgioioso.it\/vintage\/files\/2013\/09\/nextvintage-ottobre-2016.jpg\",\"datePublished\":\"2019-02-25T11:35:15+00:00\",\"dateModified\":\"2025-09-25T13:30:29+00:00\",\"author\":{\"@id\":\"https:\/\/www.belgioioso.it\/vintage\/#\/schema\/person\/935e01c3016c7eecaf4b8121449138b3\"},\"description\":\"La Fiera Vintage pi\u00f9 attesa del Nord Italia \u00e8 decisamente Next Vintage, che si svolge da pi\u00f9 di 20 anni al Castello di Belgioioso, in provincia di Pavia.\",\"breadcrumb\":{\"@id\":\"https:\/\/www.belgioioso.it\/vintage\/fiera-vintage-milano\/#breadcrumb\"},\"inLanguage\":\"it-IT\",\"potentialAction\":[{\"@type\":\"ReadAction\",\"target\":[\"https:\/\/www.belgioioso.it\/vintage\/fiera-vintage-milano\/\"]}]},{\"@type\":\"ImageObject\",\"inLanguage\":\"it-IT\",\"@id\":\"https:\/\/www.belgioioso.it\/vintage\/fiera-vintage-milano\/#primaryimage\",\"url\":\"https:\/\/www.belgioioso.it\/vintage\/files\/2013\/09\/nextvintage-ottobre-2016.jpg\",\"contentUrl\":\"https:\/\/www.belgioioso.it\/vintage\/files\/2013\/09\/nextvintage-ottobre-2016.jpg\",\"width\":810,\"height\":540,\"caption\":\"fiera vintage\"},{\"@type\":\"BreadcrumbList\",\"@id\":\"https:\/\/www.belgioioso.it\/vintage\/fiera-vintage-milano\/#breadcrumb\",\"itemListElement\":[{\"@type\":\"ListItem\",\"position\":1,\"name\":\"Home\",\"item\":\"https:\/\/www.belgioioso.it\/vintage\/\"},{\"@type\":\"ListItem\",\"position\":2,\"name\":\"La Fiera Vintage pi\u00f9 attesa di tutta Italia\"}]},{\"@type\":\"WebSite\",\"@id\":\"https:\/\/www.belgioioso.it\/vintage\/#website\",\"url\":\"https:\/\/www.belgioioso.it\/vintage\/\",\"name\":\"Next Vintage\",\"description\":\"Moda &amp; Accessori d&#039;epoca\",\"potentialAction\":[{\"@type\":\"SearchAction\",\"target\":{\"@type\":\"EntryPoint\",\"urlTemplate\":\"https:\/\/www.belgioioso.it\/vintage\/?s={search_term_string}\"},\"query-input\":{\"@type\":\"PropertyValueSpecification\",\"valueRequired\":true,\"valueName\":\"search_term_string\"}}],\"inLanguage\":\"it-IT\"},{\"@type\":\"Person\",\"@id\":\"https:\/\/www.belgioioso.it\/vintage\/#\/schema\/person\/935e01c3016c7eecaf4b8121449138b3\",\"name\":\"Marcello\",\"image\":{\"@type\":\"ImageObject\",\"inLanguage\":\"it-IT\",\"@id\":\"https:\/\/www.belgioioso.it\/vintage\/#\/schema\/person\/image\/\",\"url\":\"https:\/\/secure.gravatar.com\/avatar\/5c161170f3249edbd74b9f428dea23ccb4aaa8bc909206cc3546e343b486cba0?s=96&d=mm&r=g\",\"contentUrl\":\"https:\/\/secure.gravatar.com\/avatar\/5c161170f3249edbd74b9f428dea23ccb4aaa8bc909206cc3546e343b486cba0?s=96&d=mm&r=g\",\"caption\":\"Marcello\"},\"sameAs\":[\"https:\/\/x.com\/Belgioioso\"],\"url\":\"https:\/\/www.belgioioso.it\/vintage\/author\/belgioioso\/\"}]}<\/script>\n<!-- \/ Yoast SEO plugin. -->","yoast_head_json":{"title":"La Fiera Vintage pi\u00f9 attesa di tutta Italia &#8226; Next Vintage","description":"La Fiera Vintage pi\u00f9 attesa del Nord Italia \u00e8 decisamente Next Vintage, che si svolge da pi\u00f9 di 20 anni al Castello di Belgioioso, in provincia di Pavia.","robots":{"index":"index","follow":"follow","max-snippet":"max-snippet:-1","max-image-preview":"max-image-preview:large","max-video-preview":"max-video-preview:-1"},"canonical":"https:\/\/www.belgioioso.it\/vintage\/fiera-vintage-milano\/","og_locale":"it_IT","og_type":"article","og_title":"La Fiera Vintage pi\u00f9 attesa di tutta Italia &#8226; Next Vintage","og_description":"La Fiera Vintage pi\u00f9 attesa del Nord Italia \u00e8 decisamente Next Vintage, che si svolge da pi\u00f9 di 20 anni al Castello di Belgioioso, in provincia di Pavia.","og_url":"https:\/\/www.belgioioso.it\/vintage\/fiera-vintage-milano\/","og_site_name":"Next Vintage","article_publisher":"https:\/\/www.facebook.com\/CastellodiBelgioioso\/","article_published_time":"2019-02-25T11:35:15+00:00","article_modified_time":"2025-09-25T13:30:29+00:00","og_image":[{"width":810,"height":540,"url":"https:\/\/www.belgioioso.it\/vintage\/files\/2013\/09\/nextvintage-ottobre-2016.jpg","type":"image\/jpeg"}],"author":"Marcello","twitter_card":"summary_large_image","twitter_creator":"@Belgioioso","twitter_misc":{"Scritto da":"Marcello","Tempo di lettura stimato":"5 minuti"},"schema":{"@context":"https:\/\/schema.org","@graph":[{"@type":"Article","@id":"https:\/\/www.belgioioso.it\/vintage\/fiera-vintage-milano\/#article","isPartOf":{"@id":"https:\/\/www.belgioioso.it\/vintage\/fiera-vintage-milano\/"},"author":{"name":"Marcello","@id":"https:\/\/www.belgioioso.it\/vintage\/#\/schema\/person\/935e01c3016c7eecaf4b8121449138b3"},"headline":"La Fiera Vintage pi\u00f9 attesa di tutta Italia","datePublished":"2019-02-25T11:35:15+00:00","dateModified":"2025-09-25T13:30:29+00:00","mainEntityOfPage":{"@id":"https:\/\/www.belgioioso.it\/vintage\/fiera-vintage-milano\/"},"wordCount":2610,"commentCount":0,"image":{"@id":"https:\/\/www.belgioioso.it\/vintage\/fiera-vintage-milano\/#primaryimage"},"thumbnailUrl":"https:\/\/www.belgioioso.it\/vintage\/files\/2013\/09\/nextvintage-ottobre-2016.jpg","keywords":["alt"],"articleSection":["fiera vintage","fiera vintage milano","nextvintage"],"inLanguage":"it-IT","potentialAction":[{"@type":"CommentAction","name":"Comment","target":["https:\/\/www.belgioioso.it\/vintage\/fiera-vintage-milano\/#respond"]}]},{"@type":"WebPage","@id":"https:\/\/www.belgioioso.it\/vintage\/fiera-vintage-milano\/","url":"https:\/\/www.belgioioso.it\/vintage\/fiera-vintage-milano\/","name":"La Fiera Vintage pi\u00f9 attesa di tutta Italia &#8226; Next Vintage","isPartOf":{"@id":"https:\/\/www.belgioioso.it\/vintage\/#website"},"primaryImageOfPage":{"@id":"https:\/\/www.belgioioso.it\/vintage\/fiera-vintage-milano\/#primaryimage"},"image":{"@id":"https:\/\/www.belgioioso.it\/vintage\/fiera-vintage-milano\/#primaryimage"},"thumbnailUrl":"https:\/\/www.belgioioso.it\/vintage\/files\/2013\/09\/nextvintage-ottobre-2016.jpg","datePublished":"2019-02-25T11:35:15+00:00","dateModified":"2025-09-25T13:30:29+00:00","author":{"@id":"https:\/\/www.belgioioso.it\/vintage\/#\/schema\/person\/935e01c3016c7eecaf4b8121449138b3"},"description":"La Fiera Vintage pi\u00f9 attesa del Nord Italia \u00e8 decisamente Next Vintage, che si svolge da pi\u00f9 di 20 anni al Castello di Belgioioso, in provincia di Pavia.","breadcrumb":{"@id":"https:\/\/www.belgioioso.it\/vintage\/fiera-vintage-milano\/#breadcrumb"},"inLanguage":"it-IT","potentialAction":[{"@type":"ReadAction","target":["https:\/\/www.belgioioso.it\/vintage\/fiera-vintage-milano\/"]}]},{"@type":"ImageObject","inLanguage":"it-IT","@id":"https:\/\/www.belgioioso.it\/vintage\/fiera-vintage-milano\/#primaryimage","url":"https:\/\/www.belgioioso.it\/vintage\/files\/2013\/09\/nextvintage-ottobre-2016.jpg","contentUrl":"https:\/\/www.belgioioso.it\/vintage\/files\/2013\/09\/nextvintage-ottobre-2016.jpg","width":810,"height":540,"caption":"fiera vintage"},{"@type":"BreadcrumbList","@id":"https:\/\/www.belgioioso.it\/vintage\/fiera-vintage-milano\/#breadcrumb","itemListElement":[{"@type":"ListItem","position":1,"name":"Home","item":"https:\/\/www.belgioioso.it\/vintage\/"},{"@type":"ListItem","position":2,"name":"La Fiera Vintage pi\u00f9 attesa di tutta Italia"}]},{"@type":"WebSite","@id":"https:\/\/www.belgioioso.it\/vintage\/#website","url":"https:\/\/www.belgioioso.it\/vintage\/","name":"Next Vintage","description":"Moda &amp; Accessori d&#039;epoca","potentialAction":[{"@type":"SearchAction","target":{"@type":"EntryPoint","urlTemplate":"https:\/\/www.belgioioso.it\/vintage\/?s={search_term_string}"},"query-input":{"@type":"PropertyValueSpecification","valueRequired":true,"valueName":"search_term_string"}}],"inLanguage":"it-IT"},{"@type":"Person","@id":"https:\/\/www.belgioioso.it\/vintage\/#\/schema\/person\/935e01c3016c7eecaf4b8121449138b3","name":"Marcello","image":{"@type":"ImageObject","inLanguage":"it-IT","@id":"https:\/\/www.belgioioso.it\/vintage\/#\/schema\/person\/image\/","url":"https:\/\/secure.gravatar.com\/avatar\/5c161170f3249edbd74b9f428dea23ccb4aaa8bc909206cc3546e343b486cba0?s=96&d=mm&r=g","contentUrl":"https:\/\/secure.gravatar.com\/avatar\/5c161170f3249edbd74b9f428dea23ccb4aaa8bc909206cc3546e343b486cba0?s=96&d=mm&r=g","caption":"Marcello"},"sameAs":["https:\/\/x.com\/Belgioioso"],"url":"https:\/\/www.belgioioso.it\/vintage\/author\/belgioioso\/"}]}},"_links":{"self":[{"href":"https:\/\/www.belgioioso.it\/vintage\/wp-json\/wp\/v2\/posts\/3054","targetHints":{"allow":["GET"]}}],"collection":[{"href":"https:\/\/www.belgioioso.it\/vintage\/wp-json\/wp\/v2\/posts"}],"about":[{"href":"https:\/\/www.belgioioso.it\/vintage\/wp-json\/wp\/v2\/types\/post"}],"author":[{"embeddable":true,"href":"https:\/\/www.belgioioso.it\/vintage\/wp-json\/wp\/v2\/users\/1"}],"replies":[{"embeddable":true,"href":"https:\/\/www.belgioioso.it\/vintage\/wp-json\/wp\/v2\/comments?post=3054"}],"version-history":[{"count":82,"href":"https:\/\/www.belgioioso.it\/vintage\/wp-json\/wp\/v2\/posts\/3054\/revisions"}],"predecessor-version":[{"id":6677,"href":"https:\/\/www.belgioioso.it\/vintage\/wp-json\/wp\/v2\/posts\/3054\/revisions\/6677"}],"wp:featuredmedia":[{"embeddable":true,"href":"https:\/\/www.belgioioso.it\/vintage\/wp-json\/wp\/v2\/media\/3267"}],"wp:attachment":[{"href":"https:\/\/www.belgioioso.it\/vintage\/wp-json\/wp\/v2\/media?parent=3054"}],"wp:term":[{"taxonomy":"category","embeddable":true,"href":"https:\/\/www.belgioioso.it\/vintage\/wp-json\/wp\/v2\/categories?post=3054"},{"taxonomy":"post_tag","embeddable":true,"href":"https:\/\/www.belgioioso.it\/vintage\/wp-json\/wp\/v2\/tags?post=3054"}],"curies":[{"name":"wp","href":"https:\/\/api.w.org\/{rel}","templated":true}]}}