{"id":5041,"date":"2023-03-13T12:11:49","date_gmt":"2023-03-13T11:11:49","guid":{"rendered":"https:\/\/www.belgioioso.it\/officinalia\/?p=5041"},"modified":"2024-02-16T17:40:56","modified_gmt":"2024-02-16T16:40:56","slug":"differenze-biologico-biodinamico","status":"publish","type":"post","link":"https:\/\/www.belgioioso.it\/officinalia\/2023\/03\/13\/differenze-biologico-biodinamico\/","title":{"rendered":"Biologico vs biodinamico: qual \u00e8 la differenza?"},"content":{"rendered":"<p><div class=\"fusion-fullwidth fullwidth-box fusion-builder-row-1 fusion-flex-container has-pattern-background has-mask-background nonhundred-percent-fullwidth non-hundred-percent-height-scrolling\" style=\"--awb-border-radius-top-left:0px;--awb-border-radius-top-right:0px;--awb-border-radius-bottom-right:0px;--awb-border-radius-bottom-left:0px;--awb-flex-wrap:wrap;\" ><div class=\"fusion-builder-row fusion-row fusion-flex-align-items-flex-start fusion-flex-content-wrap\" style=\"max-width:1352px;margin-left: calc(-4% \/ 2 );margin-right: calc(-4% \/ 2 );\"><div class=\"fusion-layout-column fusion_builder_column fusion-builder-column-0 fusion_builder_column_1_1 1_1 fusion-flex-column\" style=\"--awb-bg-size:cover;--awb-width-large:100%;--awb-margin-top-large:0px;--awb-spacing-right-large:1.92%;--awb-margin-bottom-large:20px;--awb-spacing-left-large:1.92%;--awb-width-medium:100%;--awb-order-medium:0;--awb-spacing-right-medium:1.92%;--awb-spacing-left-medium:1.92%;--awb-width-small:100%;--awb-order-small:0;--awb-spacing-right-small:1.92%;--awb-spacing-left-small:1.92%;\"><div class=\"fusion-column-wrapper fusion-column-has-shadow fusion-flex-justify-content-flex-start fusion-content-layout-column\"><div class=\"fusion-text fusion-text-1\"><h2>Biologico vs biodinamico: qual \u00e8 la differenza?<\/h2>\n<h3>Confronto tra due approcci alla produzione di cibo sostenibile: quale scegliere per il benessere del nostro pianeta e della nostra salute?<\/h3>\n<p>Nel mondo dell&#8217;agricoltura sostenibile e della produzione di cibo di qualit\u00e0, biologico e biodinamico sono termini che si sentono spesso. Tuttavia, nonostante le somiglianze, ci sono differenze importanti tra questi due approcci che \u00e8 importante conoscere per fare scelte consapevoli quando si acquistano alimenti o si sceglie di coltivarli in modo sostenibile.<\/p>\n<h3>Cos&#8217;\u00e8 il biologico?<\/h3>\n<p>Il biologico \u00e8 un approccio alla produzione di cibo che si basa sull&#8217;uso di tecniche naturali e sostenibili per coltivare e produrre alimenti senza l&#8217;utilizzo di pesticidi chimici, fertilizzanti sintetici o organismi geneticamente modificati (OGM). Inoltre, gli animali destinati al consumo devono essere alimentati con mangimi biologici e mantenuti in condizioni rispettose del loro benessere. I produttori biologici devono seguire rigorose norme di produzione e ottenere la certificazione da enti di controllo indipendenti per garantire l&#8217;assenza di sostanze chimiche nocive e la sostenibilit\u00e0 dell&#8217;agricoltura.<\/p>\n<h3>Cos&#8217;\u00e8 il biodinamico?<\/h3>\n<p>Il biodinamico \u00e8 un approccio alla produzione di cibo che va oltre il biologico e cerca di creare un sistema agricolo armonico e in equilibrio con l&#8217;ambiente circostante. Si basa su una visione olistica dell&#8217;agricoltura, che considera la terra, le piante e gli animali come elementi interconnessi di un unico ecosistema. Gli agricoltori biodinamici utilizzano compost naturali, preparati di erbe e sostanze minerali per nutrire il suolo e migliorare la salute delle piante, e seguono un calendario lunare per la semina e la raccolta. Inoltre, i produttori biodinamici cercano di integrare la produzione di cibo con altre attivit\u00e0 agricole, come l&#8217;allevamento di animali e la produzione di tessuti e medicinali.<\/p>\n<h3>Le differenze tra biologico e biodinamico<\/h3>\n<p>Sebbene biologico e biodinamico siano entrambi approcci alla produzione di cibo sostenibile e rispettoso dell&#8217;ambiente, ci sono alcune differenze tra i due:<\/p>\n<ul>\n<li><strong>Filosofia:<\/strong> Il biodinamico si basa su una filosofia olistica dell&#8217;agricoltura, mentre il biologico \u00e8 pi\u00f9 incentrato sulla salute e la sostenibilit\u00e0.<\/li>\n<li><strong>Tecniche:<\/strong> Il biodinamico utilizza tecniche specifiche, come il calendario lunare e i preparati di erbe, che non sono necessariamente presenti nel biologico.<\/li>\n<li><strong>Certificazione:<\/strong> I produttori biologici devono ottenere la certificazione da enti di controllo indipendenti per garantire l&#8217;assenza di sostanze chimiche nocive e la sostenibilit\u00e0 dell&#8217;agricoltura. I produttori biodinamici possono scegliere di essere certificati o meno, ma le norme che seguono sono ancora pi\u00f9 rigorose di quelle del biologico.<\/li>\n<li><strong>Approccio globale:<\/strong> Il biodinamico cerca di creare un sistema agricolo armonico e in equilibrio con l&#8217;ambiente circostante, integrando la produzione di cibo con altre attivit\u00e0 agricole. Il biologico si concentra principalmente sulla produzione di cibo senza l&#8217;uso di sostanze chimiche nocive.<\/li>\n<\/ul>\n<h3>Come scegliere tra biologico e biodinamico<\/h3>\n<p>La scelta tra biologico e biodinamico dipende dalle proprie preferenze personali e dalle normative del paese di residenza. Se si desidera una garanzia che il proprio cibo sia stato coltivato e prodotto nel rispetto dell&#8217;ambiente e della salute, il biologico \u00e8 la scelta migliore. Se invece si vuole un approccio pi\u00f9 olistico alla produzione di cibo, il biodinamico potrebbe essere la scelta giusta. \u00c8 importante fare ricerche e informarsi sulle pratiche agricole dei produttori locali e scegliere produttori certificati per garantire la sostenibilit\u00e0 e la qualit\u00e0 degli alimenti acquistati.<\/p>\n<h3>Conclusioni<\/h3>\n<p>Biologico e biodinamico sono due approcci alla produzione di cibo sostenibile e rispettoso dell&#8217;ambiente, ma hanno differenze significative nella filosofia, nelle tecniche utilizzate e nella certificazione. La scelta tra biologico e biodinamico dipende dalle esigenze personali e dalle normative del paese di residenza. L&#8217;importante \u00e8 fare una scelta consapevole e contribuire, con il proprio acquisto, a un futuro pi\u00f9 sostenibile e rispettoso dell&#8217;ambiente.<\/p>\n<p>Speriamo che questo articolo ti abbia aiutato a comprendere meglio le differenze tra biologico e biodinamico e ti abbia fornito le informazioni necessarie per fare scelte pi\u00f9 consapevoli nel tuo stile di vita e nella tua alimentazione. Continua a seguirci sul nostro blog per altri articoli informativi sulla sostenibilit\u00e0 e la salute!<\/p>\n<\/div><\/div><\/div><\/div><\/div><div class=\"fusion-fullwidth fullwidth-box fusion-builder-row-2 fusion-flex-container has-pattern-background has-mask-background nonhundred-percent-fullwidth non-hundred-percent-height-scrolling\" style=\"--awb-border-radius-top-left:0px;--awb-border-radius-top-right:0px;--awb-border-radius-bottom-right:0px;--awb-border-radius-bottom-left:0px;--awb-flex-wrap:wrap;\" ><div class=\"fusion-builder-row fusion-row fusion-flex-align-items-flex-start fusion-flex-content-wrap\" style=\"max-width:1352px;margin-left: calc(-4% \/ 2 );margin-right: calc(-4% \/ 2 );\"><div class=\"fusion-layout-column fusion_builder_column fusion-builder-column-1 fusion_builder_column_1_1 1_1 fusion-flex-column\" style=\"--awb-bg-size:cover;--awb-width-large:100%;--awb-margin-top-large:0px;--awb-spacing-right-large:1.92%;--awb-margin-bottom-large:20px;--awb-spacing-left-large:1.92%;--awb-width-medium:100%;--awb-order-medium:0;--awb-spacing-right-medium:1.92%;--awb-spacing-left-medium:1.92%;--awb-width-small:100%;--awb-order-small:0;--awb-spacing-right-small:1.92%;--awb-spacing-left-small:1.92%;\"><div class=\"fusion-column-wrapper fusion-column-has-shadow fusion-flex-justify-content-flex-start fusion-content-layout-column\"><div class=\"fusion-text fusion-text-2\"><h3 data-fontsize=\"20\" style=\"--fontSize: 20; line-height: 1.2; --minFontSize: 20;\" data-lineheight=\"24px\" class=\"fusion-responsive-typography-calculated\">La fiera Officinalia a Belgioioso: una storia di impegno per l&#8217;alimentazione sana e sostenibile<\/h3>\n<p>A Belgioioso, un piccolo comune della Lombardia, l&#8217;attenzione per il biologico e la sostenibilit\u00e0 \u00e8 un impegno di lunga data. Da pi\u00f9 di 30 anni, la fiera Officinalia si svolge all&#8217;interno del Castello settecentesco di Belgioioso, promuovendo questi valori e sensibilizzando la comunit\u00e0 sull&#8217;importanza di un&#8217;alimentazione sana e sostenibile. Se vuoi saperne di pi\u00f9 su questi temi e scoprire le ultime novit\u00e0 in materia di prodotti biologici, ti aspettiamo il prossimo <strong>25 Aprile 2024<\/strong> alla fiera Officinalia.<\/p>\n<\/div><div class=\"fusion-video fusion-youtube\" style=\"--awb-max-width:600px;--awb-max-height:360px;--awb-align-self:center;--awb-width:100%;\"><div class=\"video-shortcode\"><div class=\"fluid-width-video-wrapper\" style=\"padding-top:60%;\" ><iframe title=\"YouTube video player 1\" src=\"https:\/\/www.youtube.com\/embed\/fHY6p7q5aYc?wmode=transparent&autoplay=0&oida=1\" width=\"600\" height=\"360\" allowfullscreen allow=\"autoplay; clipboard-write; encrypted-media; gyroscope; picture-in-picture;\"><\/iframe><\/div><\/div><\/div><div class=\"fusion-text fusion-text-3\" style=\"--awb-margin-top:3%;\"><p>Iscriviti alla nostra newsletter per ricevere aggiornamenti sul mondo del biologico, ricette salutari, consigli per uno stile di vita sostenibile e tanto altro ancora. Unisciti alla nostra community di appassionati del biologico!<\/p>\n<\/div><div class=\"fusion-text fusion-text-4\"><script type=\"text\/javascript\">\n\/* <![CDATA[ *\/\nvar gform;gform||(document.addEventListener(\"gform_main_scripts_loaded\",function(){gform.scriptsLoaded=!0}),document.addEventListener(\"gform\/theme\/scripts_loaded\",function(){gform.themeScriptsLoaded=!0}),window.addEventListener(\"DOMContentLoaded\",function(){gform.domLoaded=!0}),gform={domLoaded:!1,scriptsLoaded:!1,themeScriptsLoaded:!1,isFormEditor:()=>\"function\"==typeof InitializeEditor,callIfLoaded:function(o){return!(!gform.domLoaded||!gform.scriptsLoaded||!gform.themeScriptsLoaded&&!gform.isFormEditor()||(gform.isFormEditor()&&console.warn(\"The use of gform.initializeOnLoaded() is deprecated in the form editor context and will be removed in Gravity Forms 3.1.\"),o(),0))},initializeOnLoaded:function(o){gform.callIfLoaded(o)||(document.addEventListener(\"gform_main_scripts_loaded\",()=>{gform.scriptsLoaded=!0,gform.callIfLoaded(o)}),document.addEventListener(\"gform\/theme\/scripts_loaded\",()=>{gform.themeScriptsLoaded=!0,gform.callIfLoaded(o)}),window.addEventListener(\"DOMContentLoaded\",()=>{gform.domLoaded=!0,gform.callIfLoaded(o)}))},hooks:{action:{},filter:{}},addAction:function(o,r,e,t){gform.addHook(\"action\",o,r,e,t)},addFilter:function(o,r,e,t){gform.addHook(\"filter\",o,r,e,t)},doAction:function(o){gform.doHook(\"action\",o,arguments)},applyFilters:function(o){return gform.doHook(\"filter\",o,arguments)},removeAction:function(o,r){gform.removeHook(\"action\",o,r)},removeFilter:function(o,r,e){gform.removeHook(\"filter\",o,r,e)},addHook:function(o,r,e,t,n){null==gform.hooks[o][r]&&(gform.hooks[o][r]=[]);var d=gform.hooks[o][r];null==n&&(n=r+\"_\"+d.length),gform.hooks[o][r].push({tag:n,callable:e,priority:t=null==t?10:t})},doHook:function(r,o,e){var t;if(e=Array.prototype.slice.call(e,1),null!=gform.hooks[r][o]&&((o=gform.hooks[r][o]).sort(function(o,r){return o.priority-r.priority}),o.forEach(function(o){\"function\"!=typeof(t=o.callable)&&(t=window[t]),\"action\"==r?t.apply(null,e):e[0]=t.apply(null,e)})),\"filter\"==r)return e[0]},removeHook:function(o,r,t,n){var e;null!=gform.hooks[o][r]&&(e=(e=gform.hooks[o][r]).filter(function(o,r,e){return!!(null!=n&&n!=o.tag||null!=t&&t!=o.priority)}),gform.hooks[o][r]=e)}});\n\/* ]]> *\/\n<\/script>\n\n                <div class='gf_browser_gecko gform_wrapper gform_legacy_markup_wrapper gform-theme--no-framework' data-form-theme='legacy' data-form-index='0' id='gform_wrapper_6' ><form method='post' enctype='multipart\/form-data'  id='gform_6'  action='\/officinalia\/wp-json\/wp\/v2\/posts\/5041' data-formid='6' novalidate>\n                        <div class='gform-body gform_body'><ul id='gform_fields_6' class='gform_fields top_label form_sublabel_below description_below validation_below'><li id=\"field_6_4\" class=\"gfield gfield--type-honeypot gform_validation_container field_sublabel_below gfield--has-description field_description_below field_validation_below gfield_visibility_visible\"  ><label class='gfield_label gform-field-label' for='input_6_4'>URL<\/label><div class='ginput_container'><input name='input_4' id='input_6_4' type='text' value='' autocomplete='new-password'\/><\/div><div class='gfield_description' id='gfield_description_6_4'>Questo campo serve per la convalida e dovrebbe essere lasciato inalterato.<\/div><\/li><li id=\"field_6_2\" class=\"gfield gfield--type-name gfield_contains_required field_sublabel_below gfield--no-description field_description_below field_validation_below gfield_visibility_visible\"  ><label class='gfield_label gform-field-label gfield_label_before_complex' >Nome<span class=\"gfield_required\"><span class=\"gfield_required gfield_required_asterisk\">*<\/span><\/span><\/label><div class='ginput_complex ginput_container ginput_container--name no_prefix has_first_name no_middle_name has_last_name no_suffix gf_name_has_2 ginput_container_name gform-grid-row' id='input_6_2'>\n                            \n                            <span id='input_6_2_3_container' class='name_first gform-grid-col gform-grid-col--size-auto' >\n                                                    <input type='text' name='input_2.3' id='input_6_2_3' value=''   aria-required='true'     \/>\n                                                    <label for='input_6_2_3' class='gform-field-label gform-field-label--type-sub '>Nome<\/label>\n                                                <\/span>\n                            \n                            <span id='input_6_2_6_container' class='name_last gform-grid-col gform-grid-col--size-auto' >\n                                                    <input type='text' name='input_2.6' id='input_6_2_6' value=''   aria-required='true'     \/>\n                                                    <label for='input_6_2_6' class='gform-field-label gform-field-label--type-sub '>Cognome<\/label>\n                                                <\/span>\n                            \n                        <\/div><\/li><li id=\"field_6_3\" class=\"gfield gfield--type-email gfield_contains_required field_sublabel_below gfield--no-description field_description_below field_validation_below gfield_visibility_visible\"  ><label class='gfield_label gform-field-label' for='input_6_3'>Email<span class=\"gfield_required\"><span class=\"gfield_required gfield_required_asterisk\">*<\/span><\/span><\/label><div class='ginput_container ginput_container_email'>\n                            <input name='input_3' id='input_6_3' type='email' value='' class='medium'    aria-required=\"true\" aria-invalid=\"false\"  \/>\n                        <\/div><\/li><\/ul><\/div>\n        <div class='gform-footer gform_footer top_label'> <input type='submit' id='gform_submit_button_6' class='gform_button button' onclick='gform.submission.handleButtonClick(this);' data-submission-type='submit' value='Invia'  \/> <input type='hidden' class='gform_hidden' name='gform_submission_speeds' value='{&quot;pages&quot;:[]}' \/>\n            <input type='hidden' class='gform_hidden' name='gform_submission_method' data-js='gform_submission_method_6' value='postback' \/>\n            <input type='hidden' class='gform_hidden' name='gform_theme' data-js='gform_theme_6' id='gform_theme_6' value='legacy' \/>\n            <input type='hidden' class='gform_hidden' name='gform_style_settings' data-js='gform_style_settings_6' id='gform_style_settings_6' value='[]' \/>\n            <input type='hidden' class='gform_hidden' name='is_submit_6' value='1' \/>\n            <input type='hidden' class='gform_hidden' name='gform_submit' value='6' \/>\n            \n            <input type='hidden' class='gform_hidden' name='gform_currency' data-currency='EUR' value='WbW3lE0OXCtuOFtMYxbjAtYaYtJD\/7cQDsHZL9kEqMM2LhEk61jgI0Sfc629Y2Y8cO29\/F0\/tAMy1LcxU\/ft5tS2HJ+meDs7rzyk89zDc0r0kxQ=' \/>\n            <input type='hidden' class='gform_hidden' name='gform_unique_id' value='' \/>\n            <input type='hidden' class='gform_hidden' name='state_6' value='WyJbXSIsIjZjNTdlZDMzYzk5NmVhNGFiZjY5ZmNiMGFjNmNjNzA2Il0=' \/>\n            <input type='hidden' autocomplete='off' class='gform_hidden' name='gform_target_page_number_6' id='gform_target_page_number_6' value='0' \/>\n            <input type='hidden' autocomplete='off' class='gform_hidden' name='gform_source_page_number_6' id='gform_source_page_number_6' value='1' \/>\n            <input type='hidden' name='gform_field_values' value='' \/>\n            \n        <\/div>\n                        <\/form>\n                        <\/div><script type=\"text\/javascript\">\n\/* <![CDATA[ *\/\n gform.initializeOnLoaded( function() {gformInitSpinner( 6, 'https:\/\/www.belgioioso.it\/officinalia\/wp-content\/plugins\/gravityforms\/images\/spinner.svg', true );jQuery('#gform_ajax_frame_6').on('load',function(){var contents = jQuery(this).contents().find('*').html();var is_postback = contents.indexOf('GF_AJAX_POSTBACK') >= 0;if(!is_postback){return;}var form_content = jQuery(this).contents().find('#gform_wrapper_6');var is_confirmation = jQuery(this).contents().find('#gform_confirmation_wrapper_6').length > 0;var is_redirect = contents.indexOf('gformRedirect(){') >= 0;var is_form = form_content.length > 0 && ! is_redirect && ! is_confirmation;var mt = parseInt(jQuery('html').css('margin-top'), 10) + parseInt(jQuery('body').css('margin-top'), 10) + 100;if(is_form){jQuery('#gform_wrapper_6').html(form_content.html());if(form_content.hasClass('gform_validation_error')){jQuery('#gform_wrapper_6').addClass('gform_validation_error');} else {jQuery('#gform_wrapper_6').removeClass('gform_validation_error');}setTimeout( function() { \/* delay the scroll by 50 milliseconds to fix a bug in chrome *\/  }, 50 );if(window['gformInitDatepicker']) {gformInitDatepicker();}if(window['gformInitPriceFields']) {gformInitPriceFields();}var current_page = jQuery('#gform_source_page_number_6').val();gformInitSpinner( 6, 'https:\/\/www.belgioioso.it\/officinalia\/wp-content\/plugins\/gravityforms\/images\/spinner.svg', true );jQuery(document).trigger('gform_page_loaded', [6, current_page]);window['gf_submitting_6'] = false;}else if(!is_redirect){var confirmation_content = jQuery(this).contents().find('.GF_AJAX_POSTBACK').html();if(!confirmation_content){confirmation_content = contents;}jQuery('#gform_wrapper_6').replaceWith(confirmation_content);jQuery(document).trigger('gform_confirmation_loaded', [6]);window['gf_submitting_6'] = false;wp.a11y.speak(jQuery('#gform_confirmation_message_6').text());}else{jQuery('#gform_6').append(contents);if(window['gformRedirect']) {gformRedirect();}}jQuery(document).trigger(\"gform_pre_post_render\", [{ formId: \"6\", currentPage: \"current_page\", abort: function() { this.preventDefault(); } }]);        if (event && event.defaultPrevented) {                return;        }        const gformWrapperDiv = document.getElementById( \"gform_wrapper_6\" );        if ( gformWrapperDiv ) {            const visibilitySpan = document.createElement( \"span\" );            visibilitySpan.id = \"gform_visibility_test_6\";            gformWrapperDiv.insertAdjacentElement( \"afterend\", visibilitySpan );        }        const visibilityTestDiv = document.getElementById( \"gform_visibility_test_6\" );        let postRenderFired = false;        function triggerPostRender() {            if ( postRenderFired ) {                return;            }            postRenderFired = true;            gform.core.triggerPostRenderEvents( 6, current_page );            if ( visibilityTestDiv ) {                visibilityTestDiv.parentNode.removeChild( visibilityTestDiv );            }        }        function debounce( func, wait, immediate ) {            var timeout;            return function() {                var context = this, args = arguments;                var later = function() {                    timeout = null;                    if ( !immediate ) func.apply( context, args );                };                var callNow = immediate && !timeout;                clearTimeout( timeout );                timeout = setTimeout( later, wait );                if ( callNow ) func.apply( context, args );            };        }        const debouncedTriggerPostRender = debounce( function() {            triggerPostRender();        }, 200 );        if ( visibilityTestDiv && visibilityTestDiv.offsetParent === null ) {            const observer = new MutationObserver( ( mutations ) => {                mutations.forEach( ( mutation ) => {                    if ( mutation.type === 'attributes' && visibilityTestDiv.offsetParent !== null ) {                        debouncedTriggerPostRender();                        observer.disconnect();                    }                });            });            observer.observe( document.body, {                attributes: true,                childList: false,                subtree: true,                attributeFilter: [ 'style', 'class' ],            });        } else {            triggerPostRender();        }    } );} ); \n\/* ]]> *\/\n<\/script>\n\n<\/div><\/div><\/div><\/div><\/div><\/p>\n","protected":false},"excerpt":{"rendered":"<p>Scopri le differenze tra biologico e biodinamico nell&#8217;agricoltura sostenibile. Leggi l&#8217;articolo per capire quale sia la scelta migliore per la tua alimentazione e il tuo stile di vita.<\/p>\n","protected":false},"author":1,"featured_media":5044,"comment_status":"open","ping_status":"open","sticky":false,"template":"","format":"standard","meta":{"footnotes":""},"categories":[35],"tags":[60,40,42,59,34,61,63,62,37,64],"class_list":["post-5041","post","type-post","status-publish","format-standard","has-post-thumbnail","hentry","category-biologico","tag-agricoltura-sostenibile","tag-alimentazione-sana","tag-ambiente","tag-biodinamico","tag-biologico","tag-certificazione","tag-filosofia","tag-produzione-alimentare","tag-salute","tag-tecniche-di-coltivazione"],"yoast_head":"<!-- This site is optimized with the Yoast SEO plugin v26.8 - https:\/\/yoast.com\/product\/yoast-seo-wordpress\/ -->\n<title>Biologico vs biodinamico: qual \u00e8 la differenza? | Officinalia<\/title>\n<meta name=\"description\" content=\"Scopri le differenze tra biologico e biodinamico nell&#039;agricoltura sostenibile. Leggi l&#039;articolo per capire quale sia la scelta migliore per la tua alimentazione e il tuo stile di vita.\" \/>\n<meta name=\"robots\" content=\"index, follow, max-snippet:-1, max-image-preview:large, max-video-preview:-1\" \/>\n<link rel=\"canonical\" href=\"https:\/\/www.belgioioso.it\/officinalia\/2023\/03\/13\/differenze-biologico-biodinamico\/\" \/>\n<meta name=\"twitter:card\" content=\"summary_large_image\" \/>\n<meta name=\"twitter:title\" content=\"Biologico vs biodinamico: qual \u00e8 la differenza? | Officinalia\" \/>\n<meta name=\"twitter:description\" content=\"Scopri le differenze tra biologico e biodinamico nell&#039;agricoltura sostenibile. Leggi l&#039;articolo per capire quale sia la scelta migliore per la tua alimentazione e il tuo stile di vita.\" \/>\n<meta name=\"twitter:image\" content=\"https:\/\/www.belgioioso.it\/officinalia\/files\/2023\/03\/biologico-vs-biodinamico.jpeg\" \/>\n<meta name=\"twitter:creator\" content=\"@Belgioioso\" \/>\n<meta name=\"twitter:label1\" content=\"Scritto da\" \/>\n\t<meta name=\"twitter:data1\" content=\"Marcello\" \/>\n<script type=\"application\/ld+json\" class=\"yoast-schema-graph\">{\"@context\":\"https:\/\/schema.org\",\"@graph\":[{\"@type\":\"Article\",\"@id\":\"https:\/\/www.belgioioso.it\/officinalia\/2023\/03\/13\/differenze-biologico-biodinamico\/#article\",\"isPartOf\":{\"@id\":\"https:\/\/www.belgioioso.it\/officinalia\/2023\/03\/13\/differenze-biologico-biodinamico\/\"},\"author\":{\"name\":\"Marcello\",\"@id\":\"https:\/\/www.belgioioso.it\/officinalia\/#\/schema\/person\/935e01c3016c7eecaf4b8121449138b3\"},\"headline\":\"Biologico vs biodinamico: qual \u00e8 la differenza?\",\"datePublished\":\"2023-03-13T11:11:49+00:00\",\"dateModified\":\"2024-02-16T16:40:56+00:00\",\"mainEntityOfPage\":{\"@id\":\"https:\/\/www.belgioioso.it\/officinalia\/2023\/03\/13\/differenze-biologico-biodinamico\/\"},\"wordCount\":1787,\"commentCount\":0,\"image\":{\"@id\":\"https:\/\/www.belgioioso.it\/officinalia\/2023\/03\/13\/differenze-biologico-biodinamico\/#primaryimage\"},\"thumbnailUrl\":\"https:\/\/www.belgioioso.it\/officinalia\/files\/2023\/03\/biologico-vs-biodinamico.jpeg\",\"keywords\":[\"agricoltura sostenibile\",\"Alimentazione Sana\",\"Ambiente\",\"biodinamico\",\"biologico\",\"certificazione\",\"filosofia\",\"produzione alimentare\",\"Salute\",\"tecniche di coltivazione\"],\"articleSection\":[\"biologico\"],\"inLanguage\":\"it-IT\",\"potentialAction\":[{\"@type\":\"CommentAction\",\"name\":\"Comment\",\"target\":[\"https:\/\/www.belgioioso.it\/officinalia\/2023\/03\/13\/differenze-biologico-biodinamico\/#respond\"]}]},{\"@type\":\"WebPage\",\"@id\":\"https:\/\/www.belgioioso.it\/officinalia\/2023\/03\/13\/differenze-biologico-biodinamico\/\",\"url\":\"https:\/\/www.belgioioso.it\/officinalia\/2023\/03\/13\/differenze-biologico-biodinamico\/\",\"name\":\"Biologico vs biodinamico: qual \u00e8 la differenza? | Officinalia\",\"isPartOf\":{\"@id\":\"https:\/\/www.belgioioso.it\/officinalia\/#website\"},\"primaryImageOfPage\":{\"@id\":\"https:\/\/www.belgioioso.it\/officinalia\/2023\/03\/13\/differenze-biologico-biodinamico\/#primaryimage\"},\"image\":{\"@id\":\"https:\/\/www.belgioioso.it\/officinalia\/2023\/03\/13\/differenze-biologico-biodinamico\/#primaryimage\"},\"thumbnailUrl\":\"https:\/\/www.belgioioso.it\/officinalia\/files\/2023\/03\/biologico-vs-biodinamico.jpeg\",\"datePublished\":\"2023-03-13T11:11:49+00:00\",\"dateModified\":\"2024-02-16T16:40:56+00:00\",\"author\":{\"@id\":\"https:\/\/www.belgioioso.it\/officinalia\/#\/schema\/person\/935e01c3016c7eecaf4b8121449138b3\"},\"description\":\"Scopri le differenze tra biologico e biodinamico nell'agricoltura sostenibile. Leggi l'articolo per capire quale sia la scelta migliore per la tua alimentazione e il tuo stile di vita.\",\"breadcrumb\":{\"@id\":\"https:\/\/www.belgioioso.it\/officinalia\/2023\/03\/13\/differenze-biologico-biodinamico\/#breadcrumb\"},\"inLanguage\":\"it-IT\",\"potentialAction\":[{\"@type\":\"ReadAction\",\"target\":[\"https:\/\/www.belgioioso.it\/officinalia\/2023\/03\/13\/differenze-biologico-biodinamico\/\"]}]},{\"@type\":\"ImageObject\",\"inLanguage\":\"it-IT\",\"@id\":\"https:\/\/www.belgioioso.it\/officinalia\/2023\/03\/13\/differenze-biologico-biodinamico\/#primaryimage\",\"url\":\"https:\/\/www.belgioioso.it\/officinalia\/files\/2023\/03\/biologico-vs-biodinamico.jpeg\",\"contentUrl\":\"https:\/\/www.belgioioso.it\/officinalia\/files\/2023\/03\/biologico-vs-biodinamico.jpeg\",\"width\":1400,\"height\":788},{\"@type\":\"BreadcrumbList\",\"@id\":\"https:\/\/www.belgioioso.it\/officinalia\/2023\/03\/13\/differenze-biologico-biodinamico\/#breadcrumb\",\"itemListElement\":[{\"@type\":\"ListItem\",\"position\":1,\"name\":\"Home\",\"item\":\"https:\/\/www.belgioioso.it\/officinalia\/\"},{\"@type\":\"ListItem\",\"position\":2,\"name\":\"Biologico vs biodinamico: qual \u00e8 la differenza?\"}]},{\"@type\":\"WebSite\",\"@id\":\"https:\/\/www.belgioioso.it\/officinalia\/#website\",\"url\":\"https:\/\/www.belgioioso.it\/officinalia\/\",\"name\":\"Officinalia\",\"description\":\"Mostra dell&#039;alimentazione biologica e dell&#039;ecologia domestica\",\"potentialAction\":[{\"@type\":\"SearchAction\",\"target\":{\"@type\":\"EntryPoint\",\"urlTemplate\":\"https:\/\/www.belgioioso.it\/officinalia\/?s={search_term_string}\"},\"query-input\":{\"@type\":\"PropertyValueSpecification\",\"valueRequired\":true,\"valueName\":\"search_term_string\"}}],\"inLanguage\":\"it-IT\"},{\"@type\":\"Person\",\"@id\":\"https:\/\/www.belgioioso.it\/officinalia\/#\/schema\/person\/935e01c3016c7eecaf4b8121449138b3\",\"name\":\"Marcello\",\"image\":{\"@type\":\"ImageObject\",\"inLanguage\":\"it-IT\",\"@id\":\"https:\/\/www.belgioioso.it\/officinalia\/#\/schema\/person\/image\/\",\"url\":\"https:\/\/secure.gravatar.com\/avatar\/5c161170f3249edbd74b9f428dea23ccb4aaa8bc909206cc3546e343b486cba0?s=96&d=mm&r=g\",\"contentUrl\":\"https:\/\/secure.gravatar.com\/avatar\/5c161170f3249edbd74b9f428dea23ccb4aaa8bc909206cc3546e343b486cba0?s=96&d=mm&r=g\",\"caption\":\"Marcello\"},\"sameAs\":[\"https:\/\/x.com\/Belgioioso\"],\"url\":\"https:\/\/www.belgioioso.it\/officinalia\/author\/belgioioso\/\"}]}<\/script>\n<!-- \/ Yoast SEO plugin. -->","yoast_head_json":{"title":"Biologico vs biodinamico: qual \u00e8 la differenza? | Officinalia","description":"Scopri le differenze tra biologico e biodinamico nell'agricoltura sostenibile. Leggi l'articolo per capire quale sia la scelta migliore per la tua alimentazione e il tuo stile di vita.","robots":{"index":"index","follow":"follow","max-snippet":"max-snippet:-1","max-image-preview":"max-image-preview:large","max-video-preview":"max-video-preview:-1"},"canonical":"https:\/\/www.belgioioso.it\/officinalia\/2023\/03\/13\/differenze-biologico-biodinamico\/","twitter_card":"summary_large_image","twitter_title":"Biologico vs biodinamico: qual \u00e8 la differenza? | Officinalia","twitter_description":"Scopri le differenze tra biologico e biodinamico nell'agricoltura sostenibile. Leggi l'articolo per capire quale sia la scelta migliore per la tua alimentazione e il tuo stile di vita.","twitter_image":"https:\/\/www.belgioioso.it\/officinalia\/files\/2023\/03\/biologico-vs-biodinamico.jpeg","twitter_creator":"@Belgioioso","twitter_misc":{"Scritto da":"Marcello"},"schema":{"@context":"https:\/\/schema.org","@graph":[{"@type":"Article","@id":"https:\/\/www.belgioioso.it\/officinalia\/2023\/03\/13\/differenze-biologico-biodinamico\/#article","isPartOf":{"@id":"https:\/\/www.belgioioso.it\/officinalia\/2023\/03\/13\/differenze-biologico-biodinamico\/"},"author":{"name":"Marcello","@id":"https:\/\/www.belgioioso.it\/officinalia\/#\/schema\/person\/935e01c3016c7eecaf4b8121449138b3"},"headline":"Biologico vs biodinamico: qual \u00e8 la differenza?","datePublished":"2023-03-13T11:11:49+00:00","dateModified":"2024-02-16T16:40:56+00:00","mainEntityOfPage":{"@id":"https:\/\/www.belgioioso.it\/officinalia\/2023\/03\/13\/differenze-biologico-biodinamico\/"},"wordCount":1787,"commentCount":0,"image":{"@id":"https:\/\/www.belgioioso.it\/officinalia\/2023\/03\/13\/differenze-biologico-biodinamico\/#primaryimage"},"thumbnailUrl":"https:\/\/www.belgioioso.it\/officinalia\/files\/2023\/03\/biologico-vs-biodinamico.jpeg","keywords":["agricoltura sostenibile","Alimentazione Sana","Ambiente","biodinamico","biologico","certificazione","filosofia","produzione alimentare","Salute","tecniche di coltivazione"],"articleSection":["biologico"],"inLanguage":"it-IT","potentialAction":[{"@type":"CommentAction","name":"Comment","target":["https:\/\/www.belgioioso.it\/officinalia\/2023\/03\/13\/differenze-biologico-biodinamico\/#respond"]}]},{"@type":"WebPage","@id":"https:\/\/www.belgioioso.it\/officinalia\/2023\/03\/13\/differenze-biologico-biodinamico\/","url":"https:\/\/www.belgioioso.it\/officinalia\/2023\/03\/13\/differenze-biologico-biodinamico\/","name":"Biologico vs biodinamico: qual \u00e8 la differenza? | Officinalia","isPartOf":{"@id":"https:\/\/www.belgioioso.it\/officinalia\/#website"},"primaryImageOfPage":{"@id":"https:\/\/www.belgioioso.it\/officinalia\/2023\/03\/13\/differenze-biologico-biodinamico\/#primaryimage"},"image":{"@id":"https:\/\/www.belgioioso.it\/officinalia\/2023\/03\/13\/differenze-biologico-biodinamico\/#primaryimage"},"thumbnailUrl":"https:\/\/www.belgioioso.it\/officinalia\/files\/2023\/03\/biologico-vs-biodinamico.jpeg","datePublished":"2023-03-13T11:11:49+00:00","dateModified":"2024-02-16T16:40:56+00:00","author":{"@id":"https:\/\/www.belgioioso.it\/officinalia\/#\/schema\/person\/935e01c3016c7eecaf4b8121449138b3"},"description":"Scopri le differenze tra biologico e biodinamico nell'agricoltura sostenibile. Leggi l'articolo per capire quale sia la scelta migliore per la tua alimentazione e il tuo stile di vita.","breadcrumb":{"@id":"https:\/\/www.belgioioso.it\/officinalia\/2023\/03\/13\/differenze-biologico-biodinamico\/#breadcrumb"},"inLanguage":"it-IT","potentialAction":[{"@type":"ReadAction","target":["https:\/\/www.belgioioso.it\/officinalia\/2023\/03\/13\/differenze-biologico-biodinamico\/"]}]},{"@type":"ImageObject","inLanguage":"it-IT","@id":"https:\/\/www.belgioioso.it\/officinalia\/2023\/03\/13\/differenze-biologico-biodinamico\/#primaryimage","url":"https:\/\/www.belgioioso.it\/officinalia\/files\/2023\/03\/biologico-vs-biodinamico.jpeg","contentUrl":"https:\/\/www.belgioioso.it\/officinalia\/files\/2023\/03\/biologico-vs-biodinamico.jpeg","width":1400,"height":788},{"@type":"BreadcrumbList","@id":"https:\/\/www.belgioioso.it\/officinalia\/2023\/03\/13\/differenze-biologico-biodinamico\/#breadcrumb","itemListElement":[{"@type":"ListItem","position":1,"name":"Home","item":"https:\/\/www.belgioioso.it\/officinalia\/"},{"@type":"ListItem","position":2,"name":"Biologico vs biodinamico: qual \u00e8 la differenza?"}]},{"@type":"WebSite","@id":"https:\/\/www.belgioioso.it\/officinalia\/#website","url":"https:\/\/www.belgioioso.it\/officinalia\/","name":"Officinalia","description":"Mostra dell&#039;alimentazione biologica e dell&#039;ecologia domestica","potentialAction":[{"@type":"SearchAction","target":{"@type":"EntryPoint","urlTemplate":"https:\/\/www.belgioioso.it\/officinalia\/?s={search_term_string}"},"query-input":{"@type":"PropertyValueSpecification","valueRequired":true,"valueName":"search_term_string"}}],"inLanguage":"it-IT"},{"@type":"Person","@id":"https:\/\/www.belgioioso.it\/officinalia\/#\/schema\/person\/935e01c3016c7eecaf4b8121449138b3","name":"Marcello","image":{"@type":"ImageObject","inLanguage":"it-IT","@id":"https:\/\/www.belgioioso.it\/officinalia\/#\/schema\/person\/image\/","url":"https:\/\/secure.gravatar.com\/avatar\/5c161170f3249edbd74b9f428dea23ccb4aaa8bc909206cc3546e343b486cba0?s=96&d=mm&r=g","contentUrl":"https:\/\/secure.gravatar.com\/avatar\/5c161170f3249edbd74b9f428dea23ccb4aaa8bc909206cc3546e343b486cba0?s=96&d=mm&r=g","caption":"Marcello"},"sameAs":["https:\/\/x.com\/Belgioioso"],"url":"https:\/\/www.belgioioso.it\/officinalia\/author\/belgioioso\/"}]}},"_links":{"self":[{"href":"https:\/\/www.belgioioso.it\/officinalia\/wp-json\/wp\/v2\/posts\/5041","targetHints":{"allow":["GET"]}}],"collection":[{"href":"https:\/\/www.belgioioso.it\/officinalia\/wp-json\/wp\/v2\/posts"}],"about":[{"href":"https:\/\/www.belgioioso.it\/officinalia\/wp-json\/wp\/v2\/types\/post"}],"author":[{"embeddable":true,"href":"https:\/\/www.belgioioso.it\/officinalia\/wp-json\/wp\/v2\/users\/1"}],"replies":[{"embeddable":true,"href":"https:\/\/www.belgioioso.it\/officinalia\/wp-json\/wp\/v2\/comments?post=5041"}],"version-history":[{"count":4,"href":"https:\/\/www.belgioioso.it\/officinalia\/wp-json\/wp\/v2\/posts\/5041\/revisions"}],"predecessor-version":[{"id":5161,"href":"https:\/\/www.belgioioso.it\/officinalia\/wp-json\/wp\/v2\/posts\/5041\/revisions\/5161"}],"wp:featuredmedia":[{"embeddable":true,"href":"https:\/\/www.belgioioso.it\/officinalia\/wp-json\/wp\/v2\/media\/5044"}],"wp:attachment":[{"href":"https:\/\/www.belgioioso.it\/officinalia\/wp-json\/wp\/v2\/media?parent=5041"}],"wp:term":[{"taxonomy":"category","embeddable":true,"href":"https:\/\/www.belgioioso.it\/officinalia\/wp-json\/wp\/v2\/categories?post=5041"},{"taxonomy":"post_tag","embeddable":true,"href":"https:\/\/www.belgioioso.it\/officinalia\/wp-json\/wp\/v2\/tags?post=5041"}],"curies":[{"name":"wp","href":"https:\/\/api.w.org\/{rel}","templated":true}]}}