{"id":4888,"date":"2023-03-06T22:20:10","date_gmt":"2023-03-06T21:20:10","guid":{"rendered":"https:\/\/www.belgioioso.it\/officinalia\/?p=4888"},"modified":"2024-02-16T17:37:32","modified_gmt":"2024-02-16T16:37:32","slug":"officinalia-al-castello-di-belgioioso-levento-biologico-da-non-perdere","status":"publish","type":"post","link":"https:\/\/www.belgioioso.it\/officinalia\/2023\/03\/06\/officinalia-al-castello-di-belgioioso-levento-biologico-da-non-perdere\/","title":{"rendered":"Officinalia al Castello di Belgioioso: l&#8217;evento biologico da non perdere"},"content":{"rendered":"<p><div class=\"fusion-fullwidth fullwidth-box fusion-builder-row-1 fusion-flex-container has-pattern-background has-mask-background nonhundred-percent-fullwidth non-hundred-percent-height-scrolling\" style=\"--awb-border-radius-top-left:0px;--awb-border-radius-top-right:0px;--awb-border-radius-bottom-right:0px;--awb-border-radius-bottom-left:0px;--awb-flex-wrap:wrap;\" ><div class=\"fusion-builder-row fusion-row fusion-flex-align-items-flex-start fusion-flex-content-wrap\" style=\"max-width:1352px;margin-left: calc(-4% \/ 2 );margin-right: calc(-4% \/ 2 );\"><div class=\"fusion-layout-column fusion_builder_column fusion-builder-column-0 fusion_builder_column_1_1 1_1 fusion-flex-column\" style=\"--awb-bg-size:cover;--awb-width-large:100%;--awb-margin-top-large:0px;--awb-spacing-right-large:1.92%;--awb-margin-bottom-large:20px;--awb-spacing-left-large:1.92%;--awb-width-medium:100%;--awb-order-medium:0;--awb-spacing-right-medium:1.92%;--awb-spacing-left-medium:1.92%;--awb-width-small:100%;--awb-order-small:0;--awb-spacing-right-small:1.92%;--awb-spacing-left-small:1.92%;\"><div class=\"fusion-column-wrapper fusion-column-has-shadow fusion-flex-justify-content-flex-start fusion-content-layout-column\"><div class=\"fusion-text fusion-text-1\"><h1>Officinalia: Il Festival Biologico al Castello di Belgioioso<\/h1>\n<p>Se sei alla ricerca di prodotti biologici, cibo sano e buono, cosmesi naturale e soluzioni di benessere, allora devi assolutamente partecipare alla fiera biologica Officinalia che si terr\u00e0 al Castello di Belgioioso dal 25 al 28 Aprile 2024. Questo festival \u00e8 una vera e propria celebrazione della vita sana e del benessere, con una vasta gamma di espositori, produttori e venditori che si sono specializzati in prodotti biologici.<\/p>\n<\/div><div class=\"fusion-video fusion-youtube\" style=\"--awb-max-width:600px;--awb-max-height:360px;--awb-align-self:center;--awb-width:100%;--awb-margin-top:3%;--awb-margin-bottom:3%;\" itemscope itemtype=\"http:\/\/schema.org\/VideoObject\"><meta itemprop=\"name\" content=\"Scopri il Meglio del Mondo Biologico a Officinalia al Castello di Belgioioso\" \/><meta itemprop=\"description\" content=\"Se sei alla ricerca di prodotti biologici, cibo sano e buono, cosmesi naturale e soluzioni di benessere, allora devi assolutamente partecipare alla fiera biologica Officinalia che si terr\u00e0 al Castello di Belgioioso dal 28 Aprile al 1 Maggio. Questo festival \u00e8 il luogo perfetto per tutti coloro che sono interessati al mondo biologico, alla sostenibilit\u00e0 e al benessere naturale.\" \/><meta itemprop=\"uploadDate\" content=\"2023-03-06\" \/><meta itemprop=\"thumbnailUrl\" content=\"https:\/\/i3.ytimg.com\/vi\/fHY6p7q5aYc\/hqdefault.jpg\" \/><meta itemprop=\"embedUrl\" content=\"https:\/\/www.youtube.com\/embed\/fHY6p7q5aYc\" \/><div class=\"video-shortcode\"><lite-youtube videoid=\"fHY6p7q5aYc\" class=\"landscape\" params=\"wmode=transparent&autoplay=1&enablejsapi=1\" title=\"YouTube video player 1\" width=\"600\" height=\"360\" data-thumbnail-size=\"auto\"><\/lite-youtube><\/div><\/div><div class=\"fusion-text fusion-text-2\"><h2>Cosa aspettarsi<\/h2>\n<p>Officinalia \u00e8 una fiera biologica che ti offre una vasta gamma di prodotti biologici, dalla frutta e verdura alle erbe medicinali, dai prodotti per la cura della pelle alle soluzioni di benessere e molto altro ancora. Potrai incontrare produttori locali e artigiani che ti presenteranno i loro prodotti e ti spiegheranno come sono stati prodotti. Potrai anche partecipare a numerosi workshop, eventi e conferenze, dove potrai imparare di pi\u00f9 sui prodotti biologici, sulla vita sana e sul benessere.<\/p>\n<h2>Come arrivare<\/h2>\n<p>Officinalia si terr\u00e0 al Castello di Belgioioso, una delle residenze pi\u00f9 prestigiose del Ducato di Piacenza e Parma, che si trova a pochi chilometri da Milano. Se decidi di venire in auto, puoi prendere l&#8217;autostrada A1 e uscire al casello di Piacenza Sud. Dopo aver superato il ponte sul fiume Po, segui le indicazioni per Belgioioso. Se preferisci il treno, puoi arrivare alla stazione di Piacenza, che si trova a soli 20 minuti di macchina dal Castello di Belgioioso.<\/p>\n<h2>Cosa rende Officinalia cos\u00ec speciale<\/h2>\n<p>Officinalia non \u00e8 solo una fiera biologica, ma un vero e proprio festival del benessere e della vita sana. Ci\u00f2 che rende Officinalia cos\u00ec speciale \u00e8 la vasta gamma di prodotti biologici che puoi trovare, unita alla grande variet\u00e0 di eventi, workshop e conferenze che si terranno durante la fiera. Potrai imparare di pi\u00f9 sui prodotti biologici, sulla vita sana e sul benessere, incontrare produttori locali e artigiani, e scoprire nuovi prodotti biologici che potrai utilizzare per migliorare la tua salute e il tuo benessere. Inoltre, il Castello di Belgioioso \u00e8 un luogo incantevole e di grande valore storico e artistico, che vale sicuramente la pena visitare.<\/p>\n<\/div><div class=\"fusion-text fusion-text-3\"><h2 class=\"fusion-responsive-typography-calculated\" style=\"--fontsize: 26; line-height: 1.27;\" data-fontsize=\"26\" data-lineheight=\"33.02px\">Conclusione<\/h2>\n<p>In conclusione, se sei alla ricerca di prodotti biologici, cibo sano, cosmesi naturale e soluzioni di benessere, Officinalia \u00e8 l&#8217;evento perfetto per te. Potrai incontrare produttori locali e artigiani, partecipare a workshop ed eventi, e imparare di pi\u00f9 sui prodotti biologici, sulla vita sana e sul benessere. Inoltre, potrai godere della bellezza storica e artistica del Castello di Belgioioso. Non perdere l&#8217;occasione di partecipare alla fiera biologica Officinalia dal <b>25 Aprile al 28 Aprile<\/b> al Castello di Belgioioso. Ti aspettiamo!<\/p>\n<\/div><div class=\"fusion-text fusion-text-4\"><h2>Informazioni Utili<\/h2>\n<p>Se stai pianificando la tua visita alla fiera biologica Officinalia al Castello di Belgioioso, ecco alcune informazioni utili da tenere a mente. L&#8217;evento si svolger\u00e0 dal <strong>25 Aprile al 28 Aprile 2024<\/strong> e il costo del biglietto \u00e8 di 9 euro per l&#8217;ingresso intero e 7 euro per l&#8217;ingresso ridotto (per bambini tra i 6 e i 12 anni, over 65, militari e invalidi). \u00c8 possibile anche <a href=\"https:\/\/www.belgioioso.it\/officinalia\/info-utili\/orari-e-biglietti\/\">comprarlo online a questo link<\/a>, con il biglietto online \u00e8 possibile saltare la coda all&#8217;ingresso.<\/p>\n<p>Se vuoi sapere <a href=\"https:\/\/www.belgioioso.it\/officinalia\/info-utili\/come-arrivare\/\">come arrivare al Castello di Belgioioso<\/a>, puoi raggiungerlo facilmente in auto dall&#8217;autostrada A21 Torino-Piacenza, uscita Castel San Giovanni. In alternativa, puoi prendere il treno fino alla stazione di Belgioioso, sulla linea Pavia &#8211; Codogno, e poi fare una passeggiata fino al castello.<\/p>\n<\/div><div class=\"awb-gallery-wrapper awb-gallery-wrapper-1 button-span-no\" style=\"--more-btn-alignment:center;\" data-limit=\"6\" data-page=\"1\"><div style=\"margin:-1px;--awb-aspect-ratio:16 \/ 9;--awb-bordersize:0px;--awb-columns-small:50%;\" class=\"fusion-gallery fusion-gallery-container fusion-grid-3 fusion-columns-total-9 fusion-gallery-layout-grid fusion-gallery-1 has-aspect-ratio\"><div style=\"padding:1px;\" class=\"fusion-grid-column fusion-gallery-column fusion-gallery-column-3 hover-type-none\"><div class=\"fusion-gallery-image\"><a href=\"https:\/\/www.belgioioso.it\/officinalia\/files\/2013\/03\/workshop-cucina-bio.jpg\" rel=\"noreferrer\" data-rel=\"iLightbox[gallery_image_1]\" class=\"fusion-lightbox\" target=\"_self\"><img decoding=\"async\" src=\"https:\/\/www.belgioioso.it\/officinalia\/files\/2013\/03\/workshop-cucina-bio-460x295.jpg\" width=\"460\" height=\"295\" alt=\"\" title=\"workshop-cucina-bio\" aria-label=\"workshop-cucina-bio\" class=\"img-responsive wp-image-2334 fusion-gallery-image-size-fixed\"  \/><\/a><\/div><\/div><div style=\"padding:1px;\" class=\"fusion-grid-column fusion-gallery-column fusion-gallery-column-3 hover-type-none\"><div class=\"fusion-gallery-image\"><a href=\"https:\/\/www.belgioioso.it\/officinalia\/files\/2014\/11\/Officinalia_2014_42.jpg\" rel=\"noreferrer\" data-rel=\"iLightbox[gallery_image_1]\" class=\"fusion-lightbox\" target=\"_self\"><img decoding=\"async\" src=\"https:\/\/www.belgioioso.it\/officinalia\/files\/2014\/11\/Officinalia_2014_42.jpg\" width=\"443\" height=\"295\" alt=\"\" title=\"Officinalia_2014_42\" aria-label=\"Officinalia_2014_42\" class=\"img-responsive wp-image-1594 fusion-gallery-image-size-fixed\" srcset=\"https:\/\/www.belgioioso.it\/officinalia\/files\/2014\/11\/Officinalia_2014_42-300x199.jpg 300w, https:\/\/www.belgioioso.it\/officinalia\/files\/2014\/11\/Officinalia_2014_42.jpg 684w\" sizes=\"(max-width: 443px) 100vw, 443px\" \/><\/a><\/div><\/div><div style=\"padding:1px;\" class=\"fusion-grid-column fusion-gallery-column fusion-gallery-column-3 hover-type-none\"><div class=\"fusion-gallery-image\"><a href=\"https:\/\/www.belgioioso.it\/officinalia\/files\/2013\/03\/taiji-festival-belgioioso.jpg\" rel=\"noreferrer\" data-rel=\"iLightbox[gallery_image_1]\" class=\"fusion-lightbox\" target=\"_self\"><img decoding=\"async\" src=\"https:\/\/www.belgioioso.it\/officinalia\/files\/2013\/03\/taiji-festival-belgioioso-460x295.jpg\" width=\"460\" height=\"295\" alt=\"\" title=\"taiji-festival-belgioioso\" aria-label=\"taiji-festival-belgioioso\" class=\"img-responsive wp-image-2333 fusion-gallery-image-size-fixed\"  \/><\/a><\/div><\/div><div class=\"clearfix\"><\/div><div style=\"padding:1px;\" class=\"fusion-grid-column fusion-gallery-column fusion-gallery-column-3 hover-type-none\"><div class=\"fusion-gallery-image\"><a href=\"https:\/\/www.belgioioso.it\/officinalia\/files\/2014\/11\/Officinalia_2014_35.jpg\" rel=\"noreferrer\" data-rel=\"iLightbox[gallery_image_1]\" class=\"fusion-lightbox\" target=\"_self\"><img decoding=\"async\" src=\"https:\/\/www.belgioioso.it\/officinalia\/files\/2014\/11\/Officinalia_2014_35.jpg\" width=\"443\" height=\"295\" alt=\"\" title=\"Officinalia_2014_35\" aria-label=\"Officinalia_2014_35\" class=\"img-responsive wp-image-1587 fusion-gallery-image-size-fixed\" srcset=\"https:\/\/www.belgioioso.it\/officinalia\/files\/2014\/11\/Officinalia_2014_35-300x199.jpg 300w, https:\/\/www.belgioioso.it\/officinalia\/files\/2014\/11\/Officinalia_2014_35.jpg 684w\" sizes=\"(max-width: 443px) 100vw, 443px\" \/><\/a><\/div><\/div><div style=\"padding:1px;\" class=\"fusion-grid-column fusion-gallery-column fusion-gallery-column-3 hover-type-none\"><div class=\"fusion-gallery-image\"><a href=\"https:\/\/www.belgioioso.it\/officinalia\/files\/2014\/11\/Officinalia_2014_33.jpg\" rel=\"noreferrer\" data-rel=\"iLightbox[gallery_image_1]\" class=\"fusion-lightbox\" target=\"_self\"><img decoding=\"async\" src=\"https:\/\/www.belgioioso.it\/officinalia\/files\/2014\/11\/Officinalia_2014_33.jpg\" width=\"443\" height=\"295\" alt=\"\" title=\"Officinalia_2014_33\" aria-label=\"Officinalia_2014_33\" class=\"img-responsive wp-image-1585 fusion-gallery-image-size-fixed\" srcset=\"https:\/\/www.belgioioso.it\/officinalia\/files\/2014\/11\/Officinalia_2014_33-300x199.jpg 300w, https:\/\/www.belgioioso.it\/officinalia\/files\/2014\/11\/Officinalia_2014_33.jpg 684w\" sizes=\"(max-width: 443px) 100vw, 443px\" \/><\/a><\/div><\/div><div style=\"padding:1px;\" class=\"fusion-grid-column fusion-gallery-column fusion-gallery-column-3 hover-type-none\"><div class=\"fusion-gallery-image\"><a href=\"https:\/\/www.belgioioso.it\/officinalia\/files\/2016\/01\/officinalia-newsletter.jpg\" rel=\"noreferrer\" data-rel=\"iLightbox[gallery_image_1]\" class=\"fusion-lightbox\" target=\"_self\"><img decoding=\"async\" src=\"https:\/\/www.belgioioso.it\/officinalia\/files\/2016\/01\/officinalia-newsletter-460x295.jpg\" width=\"460\" height=\"295\" alt=\"\" title=\"officinalia-newsletter\" aria-label=\"officinalia-newsletter\" class=\"img-responsive wp-image-2282 fusion-gallery-image-size-fixed\"  \/><\/a><\/div><\/div><div class=\"clearfix\"><\/div><div style=\"padding:1px;\" class=\"fusion-grid-column fusion-gallery-column fusion-gallery-column-3 hover-type-none awb-gallery-item-hidden\"><div class=\"fusion-gallery-image\"><a href=\"https:\/\/www.belgioioso.it\/officinalia\/files\/2014\/11\/Officinalia_2014_41.jpg\" rel=\"noreferrer\" data-rel=\"iLightbox[gallery_image_1]\" class=\"fusion-lightbox\" target=\"_self\"><img decoding=\"async\" src=\"https:\/\/www.belgioioso.it\/officinalia\/files\/2014\/11\/Officinalia_2014_41.jpg\" width=\"443\" height=\"295\" alt=\"\" title=\"Officinalia_2014_41\" aria-label=\"Officinalia_2014_41\" class=\"img-responsive wp-image-1593 fusion-gallery-image-size-fixed\" srcset=\"https:\/\/www.belgioioso.it\/officinalia\/files\/2014\/11\/Officinalia_2014_41-300x199.jpg 300w, https:\/\/www.belgioioso.it\/officinalia\/files\/2014\/11\/Officinalia_2014_41.jpg 684w\" sizes=\"(max-width: 443px) 100vw, 443px\" \/><\/a><\/div><\/div><div style=\"padding:1px;\" class=\"fusion-grid-column fusion-gallery-column fusion-gallery-column-3 hover-type-none awb-gallery-item-hidden\"><div class=\"fusion-gallery-image\"><a href=\"https:\/\/www.belgioioso.it\/officinalia\/files\/2014\/11\/Officinalia_2014_40.jpg\" rel=\"noreferrer\" data-rel=\"iLightbox[gallery_image_1]\" class=\"fusion-lightbox\" target=\"_self\"><img decoding=\"async\" src=\"https:\/\/www.belgioioso.it\/officinalia\/files\/2014\/11\/Officinalia_2014_40.jpg\" width=\"443\" height=\"295\" alt=\"\" title=\"Officinalia_2014_40\" aria-label=\"Officinalia_2014_40\" class=\"img-responsive wp-image-1592 fusion-gallery-image-size-fixed\" srcset=\"https:\/\/www.belgioioso.it\/officinalia\/files\/2014\/11\/Officinalia_2014_40-300x199.jpg 300w, https:\/\/www.belgioioso.it\/officinalia\/files\/2014\/11\/Officinalia_2014_40.jpg 684w\" sizes=\"(max-width: 443px) 100vw, 443px\" \/><\/a><\/div><\/div><div style=\"padding:1px;\" class=\"fusion-grid-column fusion-gallery-column fusion-gallery-column-3 hover-type-none awb-gallery-item-hidden\"><div class=\"fusion-gallery-image\"><a href=\"https:\/\/www.belgioioso.it\/officinalia\/files\/2014\/11\/Officinalia_2014_39.jpg\" rel=\"noreferrer\" data-rel=\"iLightbox[gallery_image_1]\" class=\"fusion-lightbox\" target=\"_self\"><img decoding=\"async\" src=\"https:\/\/www.belgioioso.it\/officinalia\/files\/2014\/11\/Officinalia_2014_39.jpg\" width=\"443\" height=\"295\" alt=\"\" title=\"Officinalia_2014_39\" aria-label=\"Officinalia_2014_39\" class=\"img-responsive wp-image-1591 fusion-gallery-image-size-fixed\" srcset=\"https:\/\/www.belgioioso.it\/officinalia\/files\/2014\/11\/Officinalia_2014_39-300x199.jpg 300w, https:\/\/www.belgioioso.it\/officinalia\/files\/2014\/11\/Officinalia_2014_39.jpg 684w\" sizes=\"(max-width: 443px) 100vw, 443px\" \/><\/a><\/div><\/div><div class=\"clearfix\"><\/div><\/div><div class=\"fusion-loading-container fusion-clearfix awb-gallery-posts-loading-container\">\n\t\t\t\t<div class=\"fusion-loading-spinner\">\n\t\t\t\t\t<div class=\"fusion-spinner-1\"><\/div>\n\t\t\t\t\t<div class=\"fusion-spinner-2\"><\/div>\n\t\t\t\t\t<div class=\"fusion-spinner-3\"><\/div>\n\t\t\t\t<\/div><div class=\"fusion-loading-msg\"><em>Loading the next set of gallery items...<\/em><\/div><\/div><div class=\"awb-gallery-buttons\"><a href=\"#\" class=\"fusion-button button-flat button-default fusion-button-default-size awb-gallery-load-more-btn\">Load More<\/a><\/div><\/div><\/div><\/div><\/div><\/div><div class=\"fusion-fullwidth fullwidth-box fusion-builder-row-2 fusion-flex-container has-pattern-background has-mask-background nonhundred-percent-fullwidth non-hundred-percent-height-scrolling\" style=\"--awb-border-radius-top-left:0px;--awb-border-radius-top-right:0px;--awb-border-radius-bottom-right:0px;--awb-border-radius-bottom-left:0px;--awb-flex-wrap:wrap;\" ><div class=\"fusion-builder-row fusion-row fusion-flex-align-items-flex-start fusion-flex-content-wrap\" style=\"max-width:1352px;margin-left: calc(-4% \/ 2 );margin-right: calc(-4% \/ 2 );\"><div class=\"fusion-layout-column fusion_builder_column fusion-builder-column-1 fusion_builder_column_1_1 1_1 fusion-flex-column\" style=\"--awb-bg-size:cover;--awb-width-large:100%;--awb-margin-top-large:0px;--awb-spacing-right-large:1.92%;--awb-margin-bottom-large:20px;--awb-spacing-left-large:1.92%;--awb-width-medium:100%;--awb-order-medium:0;--awb-spacing-right-medium:1.92%;--awb-spacing-left-medium:1.92%;--awb-width-small:100%;--awb-order-small:0;--awb-spacing-right-small:1.92%;--awb-spacing-left-small:1.92%;\"><div class=\"fusion-column-wrapper fusion-column-has-shadow fusion-flex-justify-content-flex-start fusion-content-layout-column\"><div class=\"fusion-text fusion-text-5\"><h3>La fiera Officinalia a Belgioioso: una storia di impegno per l&#8217;alimentazione sana e sostenibile<\/h3>\n<p>A Belgioioso, un piccolo comune della Lombardia, l&#8217;attenzione per il biologico e la sostenibilit\u00e0 \u00e8 un impegno di lunga data. Da pi\u00f9 di 30 anni, la fiera Officinalia si svolge all&#8217;interno del Castello settecentesco di Belgioioso, promuovendo questi valori e sensibilizzando la comunit\u00e0 sull&#8217;importanza di un&#8217;alimentazione sana e sostenibile. Se vuoi saperne di pi\u00f9 su questi temi e scoprire le ultime novit\u00e0 in materia di prodotti biologici, ti aspettiamo il prossimo <strong>25 Aprile 2024<\/strong> alla fiera Officinalia.<\/p>\n<\/div><div class=\"fusion-video fusion-youtube\" style=\"--awb-max-width:600px;--awb-max-height:360px;--awb-align-self:center;--awb-width:100%;\"><div class=\"video-shortcode\"><div class=\"fluid-width-video-wrapper\" style=\"padding-top:60%;\" ><iframe title=\"YouTube video player 2\" src=\"https:\/\/www.youtube.com\/embed\/fHY6p7q5aYc?wmode=transparent&autoplay=0&oida=1\" width=\"600\" height=\"360\" allowfullscreen allow=\"autoplay; clipboard-write; encrypted-media; gyroscope; picture-in-picture;\"><\/iframe><\/div><\/div><\/div><div class=\"fusion-text fusion-text-6\" style=\"--awb-margin-top:3%;\"><p>Iscriviti alla nostra newsletter per ricevere aggiornamenti sul mondo del biologico, ricette salutari, consigli per uno stile di vita sostenibile e tanto altro ancora. Unisciti alla nostra community di appassionati del biologico!<\/p>\n<\/div><div class=\"fusion-text fusion-text-7\"><script type=\"text\/javascript\">\n\/* <![CDATA[ *\/\nvar gform;gform||(document.addEventListener(\"gform_main_scripts_loaded\",function(){gform.scriptsLoaded=!0}),document.addEventListener(\"gform\/theme\/scripts_loaded\",function(){gform.themeScriptsLoaded=!0}),window.addEventListener(\"DOMContentLoaded\",function(){gform.domLoaded=!0}),gform={domLoaded:!1,scriptsLoaded:!1,themeScriptsLoaded:!1,isFormEditor:()=>\"function\"==typeof InitializeEditor,callIfLoaded:function(o){return!(!gform.domLoaded||!gform.scriptsLoaded||!gform.themeScriptsLoaded&&!gform.isFormEditor()||(gform.isFormEditor()&&console.warn(\"The use of gform.initializeOnLoaded() is deprecated in the form editor context and will be removed in Gravity Forms 3.1.\"),o(),0))},initializeOnLoaded:function(o){gform.callIfLoaded(o)||(document.addEventListener(\"gform_main_scripts_loaded\",()=>{gform.scriptsLoaded=!0,gform.callIfLoaded(o)}),document.addEventListener(\"gform\/theme\/scripts_loaded\",()=>{gform.themeScriptsLoaded=!0,gform.callIfLoaded(o)}),window.addEventListener(\"DOMContentLoaded\",()=>{gform.domLoaded=!0,gform.callIfLoaded(o)}))},hooks:{action:{},filter:{}},addAction:function(o,r,e,t){gform.addHook(\"action\",o,r,e,t)},addFilter:function(o,r,e,t){gform.addHook(\"filter\",o,r,e,t)},doAction:function(o){gform.doHook(\"action\",o,arguments)},applyFilters:function(o){return gform.doHook(\"filter\",o,arguments)},removeAction:function(o,r){gform.removeHook(\"action\",o,r)},removeFilter:function(o,r,e){gform.removeHook(\"filter\",o,r,e)},addHook:function(o,r,e,t,n){null==gform.hooks[o][r]&&(gform.hooks[o][r]=[]);var d=gform.hooks[o][r];null==n&&(n=r+\"_\"+d.length),gform.hooks[o][r].push({tag:n,callable:e,priority:t=null==t?10:t})},doHook:function(r,o,e){var t;if(e=Array.prototype.slice.call(e,1),null!=gform.hooks[r][o]&&((o=gform.hooks[r][o]).sort(function(o,r){return o.priority-r.priority}),o.forEach(function(o){\"function\"!=typeof(t=o.callable)&&(t=window[t]),\"action\"==r?t.apply(null,e):e[0]=t.apply(null,e)})),\"filter\"==r)return e[0]},removeHook:function(o,r,t,n){var e;null!=gform.hooks[o][r]&&(e=(e=gform.hooks[o][r]).filter(function(o,r,e){return!!(null!=n&&n!=o.tag||null!=t&&t!=o.priority)}),gform.hooks[o][r]=e)}});\n\/* ]]> *\/\n<\/script>\n\n                <div class='gf_browser_gecko gform_wrapper gform_legacy_markup_wrapper gform-theme--no-framework' data-form-theme='legacy' data-form-index='0' id='gform_wrapper_6' ><form method='post' enctype='multipart\/form-data'  id='gform_6'  action='\/officinalia\/wp-json\/wp\/v2\/posts\/4888' data-formid='6' novalidate>\n                        <div class='gform-body gform_body'><ul id='gform_fields_6' class='gform_fields top_label form_sublabel_below description_below validation_below'><li id=\"field_6_4\" class=\"gfield gfield--type-honeypot gform_validation_container field_sublabel_below gfield--has-description field_description_below field_validation_below gfield_visibility_visible\"  ><label class='gfield_label gform-field-label' for='input_6_4'>URL<\/label><div class='ginput_container'><input name='input_4' id='input_6_4' type='text' value='' autocomplete='new-password'\/><\/div><div class='gfield_description' id='gfield_description_6_4'>Questo campo serve per la convalida e dovrebbe essere lasciato inalterato.<\/div><\/li><li id=\"field_6_2\" class=\"gfield gfield--type-name gfield_contains_required field_sublabel_below gfield--no-description field_description_below field_validation_below gfield_visibility_visible\"  ><label class='gfield_label gform-field-label gfield_label_before_complex' >Nome<span class=\"gfield_required\"><span class=\"gfield_required gfield_required_asterisk\">*<\/span><\/span><\/label><div class='ginput_complex ginput_container ginput_container--name no_prefix has_first_name no_middle_name has_last_name no_suffix gf_name_has_2 ginput_container_name gform-grid-row' id='input_6_2'>\n                            \n                            <span id='input_6_2_3_container' class='name_first gform-grid-col gform-grid-col--size-auto' >\n                                                    <input type='text' name='input_2.3' id='input_6_2_3' value=''   aria-required='true'     \/>\n                                                    <label for='input_6_2_3' class='gform-field-label gform-field-label--type-sub '>Nome<\/label>\n                                                <\/span>\n                            \n                            <span id='input_6_2_6_container' class='name_last gform-grid-col gform-grid-col--size-auto' >\n                                                    <input type='text' name='input_2.6' id='input_6_2_6' value=''   aria-required='true'     \/>\n                                                    <label for='input_6_2_6' class='gform-field-label gform-field-label--type-sub '>Cognome<\/label>\n                                                <\/span>\n                            \n                        <\/div><\/li><li id=\"field_6_3\" class=\"gfield gfield--type-email gfield_contains_required field_sublabel_below gfield--no-description field_description_below field_validation_below gfield_visibility_visible\"  ><label class='gfield_label gform-field-label' for='input_6_3'>Email<span class=\"gfield_required\"><span class=\"gfield_required gfield_required_asterisk\">*<\/span><\/span><\/label><div class='ginput_container ginput_container_email'>\n                            <input name='input_3' id='input_6_3' type='email' value='' class='medium'    aria-required=\"true\" aria-invalid=\"false\"  \/>\n                        <\/div><\/li><\/ul><\/div>\n        <div class='gform-footer gform_footer top_label'> <input type='submit' id='gform_submit_button_6' class='gform_button button' onclick='gform.submission.handleButtonClick(this);' data-submission-type='submit' value='Invia'  \/> <input type='hidden' class='gform_hidden' name='gform_submission_speeds' value='{&quot;pages&quot;:[]}' \/>\n            <input type='hidden' class='gform_hidden' name='gform_submission_method' data-js='gform_submission_method_6' value='postback' \/>\n            <input type='hidden' class='gform_hidden' name='gform_theme' data-js='gform_theme_6' id='gform_theme_6' value='legacy' \/>\n            <input type='hidden' class='gform_hidden' name='gform_style_settings' data-js='gform_style_settings_6' id='gform_style_settings_6' value='[]' \/>\n            <input type='hidden' class='gform_hidden' name='is_submit_6' value='1' \/>\n            <input type='hidden' class='gform_hidden' name='gform_submit' value='6' \/>\n            \n            <input type='hidden' class='gform_hidden' name='gform_currency' data-currency='EUR' value='b+paqfHBVErSQ4Uyvfi2u6baan6N8H6Bd\/\/K7A0C89MTUTZQGEKn3r\/PmoZ\/vyNVGXteYMOBBA0fCn5MxzgPx6JwjgG5VOQLsU3TJw4Nnk0Aw\/I=' \/>\n            <input type='hidden' class='gform_hidden' name='gform_unique_id' value='' \/>\n            <input type='hidden' class='gform_hidden' name='state_6' value='WyJbXSIsIjZjNTdlZDMzYzk5NmVhNGFiZjY5ZmNiMGFjNmNjNzA2Il0=' \/>\n            <input type='hidden' autocomplete='off' class='gform_hidden' name='gform_target_page_number_6' id='gform_target_page_number_6' value='0' \/>\n            <input type='hidden' autocomplete='off' class='gform_hidden' name='gform_source_page_number_6' id='gform_source_page_number_6' value='1' \/>\n            <input type='hidden' name='gform_field_values' value='' \/>\n            \n        <\/div>\n                        <\/form>\n                        <\/div><script type=\"text\/javascript\">\n\/* <![CDATA[ *\/\n gform.initializeOnLoaded( function() {gformInitSpinner( 6, 'https:\/\/www.belgioioso.it\/officinalia\/wp-content\/plugins\/gravityforms\/images\/spinner.svg', true );jQuery('#gform_ajax_frame_6').on('load',function(){var contents = jQuery(this).contents().find('*').html();var is_postback = contents.indexOf('GF_AJAX_POSTBACK') >= 0;if(!is_postback){return;}var form_content = jQuery(this).contents().find('#gform_wrapper_6');var is_confirmation = jQuery(this).contents().find('#gform_confirmation_wrapper_6').length > 0;var is_redirect = contents.indexOf('gformRedirect(){') >= 0;var is_form = form_content.length > 0 && ! is_redirect && ! is_confirmation;var mt = parseInt(jQuery('html').css('margin-top'), 10) + parseInt(jQuery('body').css('margin-top'), 10) + 100;if(is_form){jQuery('#gform_wrapper_6').html(form_content.html());if(form_content.hasClass('gform_validation_error')){jQuery('#gform_wrapper_6').addClass('gform_validation_error');} else {jQuery('#gform_wrapper_6').removeClass('gform_validation_error');}setTimeout( function() { \/* delay the scroll by 50 milliseconds to fix a bug in chrome *\/  }, 50 );if(window['gformInitDatepicker']) {gformInitDatepicker();}if(window['gformInitPriceFields']) {gformInitPriceFields();}var current_page = jQuery('#gform_source_page_number_6').val();gformInitSpinner( 6, 'https:\/\/www.belgioioso.it\/officinalia\/wp-content\/plugins\/gravityforms\/images\/spinner.svg', true );jQuery(document).trigger('gform_page_loaded', [6, current_page]);window['gf_submitting_6'] = false;}else if(!is_redirect){var confirmation_content = jQuery(this).contents().find('.GF_AJAX_POSTBACK').html();if(!confirmation_content){confirmation_content = contents;}jQuery('#gform_wrapper_6').replaceWith(confirmation_content);jQuery(document).trigger('gform_confirmation_loaded', [6]);window['gf_submitting_6'] = false;wp.a11y.speak(jQuery('#gform_confirmation_message_6').text());}else{jQuery('#gform_6').append(contents);if(window['gformRedirect']) {gformRedirect();}}jQuery(document).trigger(\"gform_pre_post_render\", [{ formId: \"6\", currentPage: \"current_page\", abort: function() { this.preventDefault(); } }]);        if (event && event.defaultPrevented) {                return;        }        const gformWrapperDiv = document.getElementById( \"gform_wrapper_6\" );        if ( gformWrapperDiv ) {            const visibilitySpan = document.createElement( \"span\" );            visibilitySpan.id = \"gform_visibility_test_6\";            gformWrapperDiv.insertAdjacentElement( \"afterend\", visibilitySpan );        }        const visibilityTestDiv = document.getElementById( \"gform_visibility_test_6\" );        let postRenderFired = false;        function triggerPostRender() {            if ( postRenderFired ) {                return;            }            postRenderFired = true;            gform.core.triggerPostRenderEvents( 6, current_page );            if ( visibilityTestDiv ) {                visibilityTestDiv.parentNode.removeChild( visibilityTestDiv );            }        }        function debounce( func, wait, immediate ) {            var timeout;            return function() {                var context = this, args = arguments;                var later = function() {                    timeout = null;                    if ( !immediate ) func.apply( context, args );                };                var callNow = immediate && !timeout;                clearTimeout( timeout );                timeout = setTimeout( later, wait );                if ( callNow ) func.apply( context, args );            };        }        const debouncedTriggerPostRender = debounce( function() {            triggerPostRender();        }, 200 );        if ( visibilityTestDiv && visibilityTestDiv.offsetParent === null ) {            const observer = new MutationObserver( ( mutations ) => {                mutations.forEach( ( mutation ) => {                    if ( mutation.type === 'attributes' && visibilityTestDiv.offsetParent !== null ) {                        debouncedTriggerPostRender();                        observer.disconnect();                    }                });            });            observer.observe( document.body, {                attributes: true,                childList: false,                subtree: true,                attributeFilter: [ 'style', 'class' ],            });        } else {            triggerPostRender();        }    } );} ); \n\/* ]]> *\/\n<\/script>\n\n<\/div><\/div><\/div><\/div><\/div><\/p>\n","protected":false},"excerpt":{"rendered":"","protected":false},"author":1,"featured_media":4664,"comment_status":"open","ping_status":"open","sticky":false,"template":"","format":"standard","meta":{"footnotes":""},"categories":[35],"tags":[34],"class_list":["post-4888","post","type-post","status-publish","format-standard","has-post-thumbnail","hentry","category-biologico","tag-biologico"],"yoast_head":"<!-- This site is optimized with the Yoast SEO plugin v26.8 - https:\/\/yoast.com\/product\/yoast-seo-wordpress\/ -->\n<title>Officinalia al Castello di Belgioioso: l&#039;evento biologico da non perdere | Officinalia<\/title>\n<meta name=\"robots\" content=\"index, follow, max-snippet:-1, max-image-preview:large, max-video-preview:-1\" \/>\n<link rel=\"canonical\" href=\"https:\/\/www.belgioioso.it\/officinalia\/2023\/03\/06\/officinalia-al-castello-di-belgioioso-levento-biologico-da-non-perdere\/\" \/>\n<meta name=\"twitter:card\" content=\"summary_large_image\" \/>\n<meta name=\"twitter:title\" content=\"Officinalia al Castello di Belgioioso: l&#039;evento biologico da non perdere | Officinalia\" \/>\n<meta name=\"twitter:image\" content=\"https:\/\/www.belgioioso.it\/officinalia\/files\/2022\/03\/officinalia-coda.jpg\" \/>\n<meta name=\"twitter:creator\" content=\"@Belgioioso\" \/>\n<meta name=\"twitter:label1\" content=\"Scritto da\" \/>\n\t<meta name=\"twitter:data1\" content=\"Marcello\" \/>\n\t<meta name=\"twitter:label2\" content=\"Tempo di lettura stimato\" \/>\n\t<meta name=\"twitter:data2\" content=\"6 minuti\" \/>\n<script type=\"application\/ld+json\" class=\"yoast-schema-graph\">{\"@context\":\"https:\/\/schema.org\",\"@graph\":[{\"@type\":\"Article\",\"@id\":\"https:\/\/www.belgioioso.it\/officinalia\/2023\/03\/06\/officinalia-al-castello-di-belgioioso-levento-biologico-da-non-perdere\/#article\",\"isPartOf\":{\"@id\":\"https:\/\/www.belgioioso.it\/officinalia\/2023\/03\/06\/officinalia-al-castello-di-belgioioso-levento-biologico-da-non-perdere\/\"},\"author\":{\"name\":\"Marcello\",\"@id\":\"https:\/\/www.belgioioso.it\/officinalia\/#\/schema\/person\/935e01c3016c7eecaf4b8121449138b3\"},\"headline\":\"Officinalia al Castello di Belgioioso: l&#8217;evento biologico da non perdere\",\"datePublished\":\"2023-03-06T21:20:10+00:00\",\"dateModified\":\"2024-02-16T16:37:32+00:00\",\"mainEntityOfPage\":{\"@id\":\"https:\/\/www.belgioioso.it\/officinalia\/2023\/03\/06\/officinalia-al-castello-di-belgioioso-levento-biologico-da-non-perdere\/\"},\"wordCount\":2058,\"commentCount\":0,\"image\":{\"@id\":\"https:\/\/www.belgioioso.it\/officinalia\/2023\/03\/06\/officinalia-al-castello-di-belgioioso-levento-biologico-da-non-perdere\/#primaryimage\"},\"thumbnailUrl\":\"https:\/\/www.belgioioso.it\/officinalia\/files\/2022\/03\/officinalia-coda.jpg\",\"keywords\":[\"biologico\"],\"articleSection\":[\"biologico\"],\"inLanguage\":\"it-IT\",\"potentialAction\":[{\"@type\":\"CommentAction\",\"name\":\"Comment\",\"target\":[\"https:\/\/www.belgioioso.it\/officinalia\/2023\/03\/06\/officinalia-al-castello-di-belgioioso-levento-biologico-da-non-perdere\/#respond\"]}]},{\"@type\":\"WebPage\",\"@id\":\"https:\/\/www.belgioioso.it\/officinalia\/2023\/03\/06\/officinalia-al-castello-di-belgioioso-levento-biologico-da-non-perdere\/\",\"url\":\"https:\/\/www.belgioioso.it\/officinalia\/2023\/03\/06\/officinalia-al-castello-di-belgioioso-levento-biologico-da-non-perdere\/\",\"name\":\"Officinalia al Castello di Belgioioso: l'evento biologico da non perdere | Officinalia\",\"isPartOf\":{\"@id\":\"https:\/\/www.belgioioso.it\/officinalia\/#website\"},\"primaryImageOfPage\":{\"@id\":\"https:\/\/www.belgioioso.it\/officinalia\/2023\/03\/06\/officinalia-al-castello-di-belgioioso-levento-biologico-da-non-perdere\/#primaryimage\"},\"image\":{\"@id\":\"https:\/\/www.belgioioso.it\/officinalia\/2023\/03\/06\/officinalia-al-castello-di-belgioioso-levento-biologico-da-non-perdere\/#primaryimage\"},\"thumbnailUrl\":\"https:\/\/www.belgioioso.it\/officinalia\/files\/2022\/03\/officinalia-coda.jpg\",\"datePublished\":\"2023-03-06T21:20:10+00:00\",\"dateModified\":\"2024-02-16T16:37:32+00:00\",\"author\":{\"@id\":\"https:\/\/www.belgioioso.it\/officinalia\/#\/schema\/person\/935e01c3016c7eecaf4b8121449138b3\"},\"breadcrumb\":{\"@id\":\"https:\/\/www.belgioioso.it\/officinalia\/2023\/03\/06\/officinalia-al-castello-di-belgioioso-levento-biologico-da-non-perdere\/#breadcrumb\"},\"inLanguage\":\"it-IT\",\"potentialAction\":[{\"@type\":\"ReadAction\",\"target\":[\"https:\/\/www.belgioioso.it\/officinalia\/2023\/03\/06\/officinalia-al-castello-di-belgioioso-levento-biologico-da-non-perdere\/\"]}]},{\"@type\":\"ImageObject\",\"inLanguage\":\"it-IT\",\"@id\":\"https:\/\/www.belgioioso.it\/officinalia\/2023\/03\/06\/officinalia-al-castello-di-belgioioso-levento-biologico-da-non-perdere\/#primaryimage\",\"url\":\"https:\/\/www.belgioioso.it\/officinalia\/files\/2022\/03\/officinalia-coda.jpg\",\"contentUrl\":\"https:\/\/www.belgioioso.it\/officinalia\/files\/2022\/03\/officinalia-coda.jpg\",\"width\":800,\"height\":533},{\"@type\":\"BreadcrumbList\",\"@id\":\"https:\/\/www.belgioioso.it\/officinalia\/2023\/03\/06\/officinalia-al-castello-di-belgioioso-levento-biologico-da-non-perdere\/#breadcrumb\",\"itemListElement\":[{\"@type\":\"ListItem\",\"position\":1,\"name\":\"Home\",\"item\":\"https:\/\/www.belgioioso.it\/officinalia\/\"},{\"@type\":\"ListItem\",\"position\":2,\"name\":\"Officinalia al Castello di Belgioioso: l&#8217;evento biologico da non perdere\"}]},{\"@type\":\"WebSite\",\"@id\":\"https:\/\/www.belgioioso.it\/officinalia\/#website\",\"url\":\"https:\/\/www.belgioioso.it\/officinalia\/\",\"name\":\"Officinalia\",\"description\":\"Mostra dell&#039;alimentazione biologica e dell&#039;ecologia domestica\",\"potentialAction\":[{\"@type\":\"SearchAction\",\"target\":{\"@type\":\"EntryPoint\",\"urlTemplate\":\"https:\/\/www.belgioioso.it\/officinalia\/?s={search_term_string}\"},\"query-input\":{\"@type\":\"PropertyValueSpecification\",\"valueRequired\":true,\"valueName\":\"search_term_string\"}}],\"inLanguage\":\"it-IT\"},{\"@type\":\"Person\",\"@id\":\"https:\/\/www.belgioioso.it\/officinalia\/#\/schema\/person\/935e01c3016c7eecaf4b8121449138b3\",\"name\":\"Marcello\",\"image\":{\"@type\":\"ImageObject\",\"inLanguage\":\"it-IT\",\"@id\":\"https:\/\/www.belgioioso.it\/officinalia\/#\/schema\/person\/image\/\",\"url\":\"https:\/\/secure.gravatar.com\/avatar\/5c161170f3249edbd74b9f428dea23ccb4aaa8bc909206cc3546e343b486cba0?s=96&d=mm&r=g\",\"contentUrl\":\"https:\/\/secure.gravatar.com\/avatar\/5c161170f3249edbd74b9f428dea23ccb4aaa8bc909206cc3546e343b486cba0?s=96&d=mm&r=g\",\"caption\":\"Marcello\"},\"sameAs\":[\"https:\/\/x.com\/Belgioioso\"],\"url\":\"https:\/\/www.belgioioso.it\/officinalia\/author\/belgioioso\/\"}]}<\/script>\n<!-- \/ Yoast SEO plugin. -->","yoast_head_json":{"title":"Officinalia al Castello di Belgioioso: l'evento biologico da non perdere | Officinalia","robots":{"index":"index","follow":"follow","max-snippet":"max-snippet:-1","max-image-preview":"max-image-preview:large","max-video-preview":"max-video-preview:-1"},"canonical":"https:\/\/www.belgioioso.it\/officinalia\/2023\/03\/06\/officinalia-al-castello-di-belgioioso-levento-biologico-da-non-perdere\/","twitter_card":"summary_large_image","twitter_title":"Officinalia al Castello di Belgioioso: l'evento biologico da non perdere | Officinalia","twitter_image":"https:\/\/www.belgioioso.it\/officinalia\/files\/2022\/03\/officinalia-coda.jpg","twitter_creator":"@Belgioioso","twitter_misc":{"Scritto da":"Marcello","Tempo di lettura stimato":"6 minuti"},"schema":{"@context":"https:\/\/schema.org","@graph":[{"@type":"Article","@id":"https:\/\/www.belgioioso.it\/officinalia\/2023\/03\/06\/officinalia-al-castello-di-belgioioso-levento-biologico-da-non-perdere\/#article","isPartOf":{"@id":"https:\/\/www.belgioioso.it\/officinalia\/2023\/03\/06\/officinalia-al-castello-di-belgioioso-levento-biologico-da-non-perdere\/"},"author":{"name":"Marcello","@id":"https:\/\/www.belgioioso.it\/officinalia\/#\/schema\/person\/935e01c3016c7eecaf4b8121449138b3"},"headline":"Officinalia al Castello di Belgioioso: l&#8217;evento biologico da non perdere","datePublished":"2023-03-06T21:20:10+00:00","dateModified":"2024-02-16T16:37:32+00:00","mainEntityOfPage":{"@id":"https:\/\/www.belgioioso.it\/officinalia\/2023\/03\/06\/officinalia-al-castello-di-belgioioso-levento-biologico-da-non-perdere\/"},"wordCount":2058,"commentCount":0,"image":{"@id":"https:\/\/www.belgioioso.it\/officinalia\/2023\/03\/06\/officinalia-al-castello-di-belgioioso-levento-biologico-da-non-perdere\/#primaryimage"},"thumbnailUrl":"https:\/\/www.belgioioso.it\/officinalia\/files\/2022\/03\/officinalia-coda.jpg","keywords":["biologico"],"articleSection":["biologico"],"inLanguage":"it-IT","potentialAction":[{"@type":"CommentAction","name":"Comment","target":["https:\/\/www.belgioioso.it\/officinalia\/2023\/03\/06\/officinalia-al-castello-di-belgioioso-levento-biologico-da-non-perdere\/#respond"]}]},{"@type":"WebPage","@id":"https:\/\/www.belgioioso.it\/officinalia\/2023\/03\/06\/officinalia-al-castello-di-belgioioso-levento-biologico-da-non-perdere\/","url":"https:\/\/www.belgioioso.it\/officinalia\/2023\/03\/06\/officinalia-al-castello-di-belgioioso-levento-biologico-da-non-perdere\/","name":"Officinalia al Castello di Belgioioso: l'evento biologico da non perdere | Officinalia","isPartOf":{"@id":"https:\/\/www.belgioioso.it\/officinalia\/#website"},"primaryImageOfPage":{"@id":"https:\/\/www.belgioioso.it\/officinalia\/2023\/03\/06\/officinalia-al-castello-di-belgioioso-levento-biologico-da-non-perdere\/#primaryimage"},"image":{"@id":"https:\/\/www.belgioioso.it\/officinalia\/2023\/03\/06\/officinalia-al-castello-di-belgioioso-levento-biologico-da-non-perdere\/#primaryimage"},"thumbnailUrl":"https:\/\/www.belgioioso.it\/officinalia\/files\/2022\/03\/officinalia-coda.jpg","datePublished":"2023-03-06T21:20:10+00:00","dateModified":"2024-02-16T16:37:32+00:00","author":{"@id":"https:\/\/www.belgioioso.it\/officinalia\/#\/schema\/person\/935e01c3016c7eecaf4b8121449138b3"},"breadcrumb":{"@id":"https:\/\/www.belgioioso.it\/officinalia\/2023\/03\/06\/officinalia-al-castello-di-belgioioso-levento-biologico-da-non-perdere\/#breadcrumb"},"inLanguage":"it-IT","potentialAction":[{"@type":"ReadAction","target":["https:\/\/www.belgioioso.it\/officinalia\/2023\/03\/06\/officinalia-al-castello-di-belgioioso-levento-biologico-da-non-perdere\/"]}]},{"@type":"ImageObject","inLanguage":"it-IT","@id":"https:\/\/www.belgioioso.it\/officinalia\/2023\/03\/06\/officinalia-al-castello-di-belgioioso-levento-biologico-da-non-perdere\/#primaryimage","url":"https:\/\/www.belgioioso.it\/officinalia\/files\/2022\/03\/officinalia-coda.jpg","contentUrl":"https:\/\/www.belgioioso.it\/officinalia\/files\/2022\/03\/officinalia-coda.jpg","width":800,"height":533},{"@type":"BreadcrumbList","@id":"https:\/\/www.belgioioso.it\/officinalia\/2023\/03\/06\/officinalia-al-castello-di-belgioioso-levento-biologico-da-non-perdere\/#breadcrumb","itemListElement":[{"@type":"ListItem","position":1,"name":"Home","item":"https:\/\/www.belgioioso.it\/officinalia\/"},{"@type":"ListItem","position":2,"name":"Officinalia al Castello di Belgioioso: l&#8217;evento biologico da non perdere"}]},{"@type":"WebSite","@id":"https:\/\/www.belgioioso.it\/officinalia\/#website","url":"https:\/\/www.belgioioso.it\/officinalia\/","name":"Officinalia","description":"Mostra dell&#039;alimentazione biologica e dell&#039;ecologia domestica","potentialAction":[{"@type":"SearchAction","target":{"@type":"EntryPoint","urlTemplate":"https:\/\/www.belgioioso.it\/officinalia\/?s={search_term_string}"},"query-input":{"@type":"PropertyValueSpecification","valueRequired":true,"valueName":"search_term_string"}}],"inLanguage":"it-IT"},{"@type":"Person","@id":"https:\/\/www.belgioioso.it\/officinalia\/#\/schema\/person\/935e01c3016c7eecaf4b8121449138b3","name":"Marcello","image":{"@type":"ImageObject","inLanguage":"it-IT","@id":"https:\/\/www.belgioioso.it\/officinalia\/#\/schema\/person\/image\/","url":"https:\/\/secure.gravatar.com\/avatar\/5c161170f3249edbd74b9f428dea23ccb4aaa8bc909206cc3546e343b486cba0?s=96&d=mm&r=g","contentUrl":"https:\/\/secure.gravatar.com\/avatar\/5c161170f3249edbd74b9f428dea23ccb4aaa8bc909206cc3546e343b486cba0?s=96&d=mm&r=g","caption":"Marcello"},"sameAs":["https:\/\/x.com\/Belgioioso"],"url":"https:\/\/www.belgioioso.it\/officinalia\/author\/belgioioso\/"}]}},"_links":{"self":[{"href":"https:\/\/www.belgioioso.it\/officinalia\/wp-json\/wp\/v2\/posts\/4888","targetHints":{"allow":["GET"]}}],"collection":[{"href":"https:\/\/www.belgioioso.it\/officinalia\/wp-json\/wp\/v2\/posts"}],"about":[{"href":"https:\/\/www.belgioioso.it\/officinalia\/wp-json\/wp\/v2\/types\/post"}],"author":[{"embeddable":true,"href":"https:\/\/www.belgioioso.it\/officinalia\/wp-json\/wp\/v2\/users\/1"}],"replies":[{"embeddable":true,"href":"https:\/\/www.belgioioso.it\/officinalia\/wp-json\/wp\/v2\/comments?post=4888"}],"version-history":[{"count":12,"href":"https:\/\/www.belgioioso.it\/officinalia\/wp-json\/wp\/v2\/posts\/4888\/revisions"}],"predecessor-version":[{"id":5158,"href":"https:\/\/www.belgioioso.it\/officinalia\/wp-json\/wp\/v2\/posts\/4888\/revisions\/5158"}],"wp:featuredmedia":[{"embeddable":true,"href":"https:\/\/www.belgioioso.it\/officinalia\/wp-json\/wp\/v2\/media\/4664"}],"wp:attachment":[{"href":"https:\/\/www.belgioioso.it\/officinalia\/wp-json\/wp\/v2\/media?parent=4888"}],"wp:term":[{"taxonomy":"category","embeddable":true,"href":"https:\/\/www.belgioioso.it\/officinalia\/wp-json\/wp\/v2\/categories?post=4888"},{"taxonomy":"post_tag","embeddable":true,"href":"https:\/\/www.belgioioso.it\/officinalia\/wp-json\/wp\/v2\/tags?post=4888"}],"curies":[{"name":"wp","href":"https:\/\/api.w.org\/{rel}","templated":true}]}}